{"id":61673,"date":"2018-08-16T09:24:03","date_gmt":"2018-08-16T12:24:03","guid":{"rendered":"http:\/\/caririemacao.com\/1\/?p=61673"},"modified":"2018-08-16T09:24:03","modified_gmt":"2018-08-16T12:24:03","slug":"jornalista-destaca-que-alvaro-neto-nunca-se-envolveu-com-coisa-suja","status":"publish","type":"post","link":"https:\/\/www.caririemacao.com\/1\/2018\/08\/16\/jornalista-destaca-que-alvaro-neto-nunca-se-envolveu-com-coisa-suja\/","title":{"rendered":"Jornalista destaca que \u201c\u00c1lvaro Neto nunca se envolveu com coisa suja\u201d"},"content":{"rendered":"<p style=\"font-weight: 400;\"><strong>Em postagem nas redes sociais,\u00a0 nesta quarta-feira(15\/08), em grupo de whatSapp da Imprensa Campinense, o conceituado jornalista Geovaldo de Carvalho elogiou como justa a postula\u00e7\u00e3o de \u00c1lvaro Neto na disputa por uma vaga, nestas elei\u00e7\u00f5es, a C\u00e2mara Federal.<\/strong><\/p>\n<p style=\"font-weight: 400;\"><strong>&#8211; Alvinho tentando voltar a C\u00e2mara Federal. Muito Justo. Um pol\u00edtico honesto que nunca se envolveu com coisa suja, hoje t\u00e3o comum em nosso meio\u201d, ressaltou Geovaldo, uma das refer\u00eancias da imprensa paraibana.<\/strong><\/p>\n<p style=\"font-weight: 400;\"><strong>Ao agradecer as declara\u00e7\u00f5es honrosas registradas pelo jornalista \u201cBaby Vieira\u201d, \u00c1lvaro Neto ponderou: \u201cS\u00e3o reconhecimentos como estes do meu amigo Geovaldo de Carvalho que me estimulam a disputar uma vaga para a C\u00e2mara dos Deputados, na \u00a0certeza de que voltarei a ser uma voz vigilante e vibrante, em Bras\u00edlia, em defesa dos anseios da Para\u00edba e do seu povo\u201d, assegurou.<\/strong><\/p>\n<p>&nbsp;<\/p>\n<p><strong>\u00c1lvaro Neto\/Foto: Reprodu\u00e7\u00e3o\u00a0<\/strong><\/p>\n<div class=\"content-block\">Cariri Em A\u00e7\u00e3o<\/div>\n<div class=\"content-block\">Leia mais not\u00edcias em\u00a0<a href=\"http:\/\/www.caririemacao.com\/\">caririemacao.com<\/a>, siga nossa p\u00e1gina no\u00a0<a href=\"https:\/\/www.facebook.com\/CaririEmAcao\/?ref=aymt_homepage_panel\">Facebook<\/a>,\u00a0<a href=\"https:\/\/www.instagram.com\/cariri_em_acao\/?hl=pt-br\">Instagram<\/a>\u00a0e\u00a0<a href=\"https:\/\/www.youtube.com\/channel\/UCAptA0jQuYQy8vMhLt2m4qg\">Youtube<\/a>\u00a0e veja nossas mat\u00e9rias, v\u00eddeos e fotos. Voc\u00ea tamb\u00e9m pode enviar informa\u00e7\u00f5es \u00e0 Reda\u00e7\u00e3o do Portal Cariri em A\u00e7\u00e3o pelo WhatsApp (83) 9 9634.5791, (83) 9 9601-1162.<\/div>\n","protected":false},"excerpt":{"rendered":"<p>Em postagem nas redes sociais,\u00a0 nesta quarta-feira(15\/08), em grupo de whatSapp da Imprensa Campinense, o conceituado jornalista Geovaldo de Carvalho elogiou como justa a postula\u00e7\u00e3o&hellip; <\/p>\n","protected":false},"author":1,"featured_media":61674,"comment_status":"closed","ping_status":"closed","sticky":false,"template":"","format":"standard","meta":{"sfsi_plus_gutenberg_text_before_share":"","sfsi_plus_gutenberg_show_text_before_share":"","sfsi_plus_gutenberg_icon_type":"","sfsi_plus_gutenberg_icon_alignemt":"","sfsi_plus_gutenburg_max_per_row":"","footnotes":""},"categories":[1],"tags":[],"class_list":["post-61673","post","type-post","status-publish","format-standard","has-post-thumbnail","hentry","category-o-site"],"_links":{"self":[{"href":"https:\/\/www.caririemacao.com\/1\/wp-json\/wp\/v2\/posts\/61673","targetHints":{"allow":["GET"]}}],"collection":[{"href":"https:\/\/www.caririemacao.com\/1\/wp-json\/wp\/v2\/posts"}],"about":[{"href":"https:\/\/www.caririemacao.com\/1\/wp-json\/wp\/v2\/types\/post"}],"author":[{"embeddable":true,"href":"https:\/\/www.caririemacao.com\/1\/wp-json\/wp\/v2\/users\/1"}],"replies":[{"embeddable":true,"href":"https:\/\/www.caririemacao.com\/1\/wp-json\/wp\/v2\/comments?post=61673"}],"version-history":[{"count":1,"href":"https:\/\/www.caririemacao.com\/1\/wp-json\/wp\/v2\/posts\/61673\/revisions"}],"predecessor-version":[{"id":61675,"href":"https:\/\/www.caririemacao.com\/1\/wp-json\/wp\/v2\/posts\/61673\/revisions\/61675"}],"wp:featuredmedia":[{"embeddable":true,"href":"https:\/\/www.caririemacao.com\/1\/wp-json\/wp\/v2\/media\/61674"}],"wp:attachment":[{"href":"https:\/\/www.caririemacao.com\/1\/wp-json\/wp\/v2\/media?parent=61673"}],"wp:term":[{"taxonomy":"category","embeddable":true,"href":"https:\/\/www.caririemacao.com\/1\/wp-json\/wp\/v2\/categories?post=61673"},{"taxonomy":"post_tag","embeddable":true,"href":"https:\/\/www.caririemacao.com\/1\/wp-json\/wp\/v2\/tags?post=61673"}],"curies":[{"name":"wp","href":"https:\/\/api.w.org\/{rel}","templated":true}]}}