{"id":61676,"date":"2018-08-16T09:34:59","date_gmt":"2018-08-16T12:34:59","guid":{"rendered":"http:\/\/caririemacao.com\/1\/?p=61676"},"modified":"2018-08-16T09:34:59","modified_gmt":"2018-08-16T12:34:59","slug":"aposentado-pode-consultar-valor-da-primeira-parcela-do-13o-nesta-sexta","status":"publish","type":"post","link":"https:\/\/www.caririemacao.com\/1\/2018\/08\/16\/aposentado-pode-consultar-valor-da-primeira-parcela-do-13o-nesta-sexta\/","title":{"rendered":"Aposentado pode consultar valor da primeira parcela do 13\u00ba nesta sexta"},"content":{"rendered":"<p>Aposentados e pensionistas do INSS (Instituto Nacional do Seguro Social) poder\u00e3o consultar o valor exato da primeira parcela do abono de Natal a partir de sexta-feira (17), dia em que a Previd\u00eancia come\u00e7a a processar a folha de pagamentos do m\u00eas de agosto.<\/p>\n<p>Nessa etapa, os aposentados receber\u00e3o exatamente a metade do valor do benef\u00edcio. O dep\u00f3sito sai com as aposentadorias e pens\u00f5es e acompanha o calend\u00e1rio mensal do INSS.<\/p>\n<p>A antecipa\u00e7\u00e3o do abono vem sendo feita pelo governo nos \u00faltimos anos e foi confirmada pela gest\u00e3o Michel Temer (PMDB) em meados de julho. O dep\u00f3sito da primeira parte vem sem a cobran\u00e7a do Imposto de Renda. Se o segurado estiver sujeito \u00e0 tributa\u00e7\u00e3o, ela chegar\u00e1 na segunda parcela, paga a partir de novembro.<\/p>\n<p>No dia 27, o primeiro da folha de agosto, receber\u00e3o o benef\u00edcio e a primeira parcela do 13\u00ba os segurados que ganham o sal\u00e1rio m\u00ednimo, de R$ 954, e t\u00eam o cart\u00e3o terminado em 1.<\/p>\n<p>A Secretaria da Previd\u00eancia explica que nem todos os segurados estar\u00e3o com o extrato atualizado j\u00e1 no dia 17. Tradicionalmente, o processamento vai ocorrendo aos poucos e come\u00e7a pelos benef\u00edcios iguais ao piso.<\/p>\n<p>No dia 27, quando inicia o pagamento, todos os segurados com direito ao abono conseguir\u00e3o fazer a consulta. O calend\u00e1rio segue at\u00e9 o dia 10 de setembro. A Previd\u00eancia estima que os pagamentos somem R$ 20,6 bilh\u00f5es em agosto e setembro.<\/p>\n<p>Valor proporcional Segurados com benef\u00edcio por invalidez ou os que come\u00e7aram a receber aposentadoria ou pens\u00e3o a partir de fevereiro n\u00e3o ter\u00e3o o equivalente \u00e0 metade do benef\u00edcio.<\/p>\n<p>No caso dos aux\u00edlios, o INSS considera que h\u00e1 a possibilidade de o segurado ter alta antes do fim do ano. Por isso, ele recebe o equivalente aos meses em que teve o aux\u00edlio at\u00e9 o m\u00eas de agosto. A diferen\u00e7a \u00e9 paga no corte do aux\u00edlio ou em dezembro.<\/p>\n<p>&nbsp;<\/p>\n<p><strong>Para\u00edba Online\/Foto: Reprodu\u00e7\u00e3o\u00a0<\/strong><\/p>\n<div class=\"content-block\">Cariri Em A\u00e7\u00e3o<\/div>\n<div class=\"content-block\">Leia mais not\u00edcias em\u00a0<a href=\"http:\/\/www.caririemacao.com\/\">caririemacao.com<\/a>, siga nossa p\u00e1gina no\u00a0<a href=\"https:\/\/www.facebook.com\/CaririEmAcao\/?ref=aymt_homepage_panel\">Facebook<\/a>,\u00a0<a href=\"https:\/\/www.instagram.com\/cariri_em_acao\/?hl=pt-br\">Instagram<\/a>\u00a0e\u00a0<a href=\"https:\/\/www.youtube.com\/channel\/UCAptA0jQuYQy8vMhLt2m4qg\">Youtube<\/a>\u00a0e veja nossas mat\u00e9rias, v\u00eddeos e fotos. Voc\u00ea tamb\u00e9m pode enviar informa\u00e7\u00f5es \u00e0 Reda\u00e7\u00e3o do Portal Cariri em A\u00e7\u00e3o pelo WhatsApp (83) 9 9634.5791, (83) 9 9601-1162.<\/div>\n","protected":false},"excerpt":{"rendered":"<p>Aposentados e pensionistas do INSS (Instituto Nacional do Seguro Social) poder\u00e3o consultar o valor exato da primeira parcela do abono de Natal a partir de&hellip; <\/p>\n","protected":false},"author":1,"featured_media":55695,"comment_status":"closed","ping_status":"closed","sticky":false,"template":"","format":"standard","meta":{"sfsi_plus_gutenberg_text_before_share":"","sfsi_plus_gutenberg_show_text_before_share":"","sfsi_plus_gutenberg_icon_type":"","sfsi_plus_gutenberg_icon_alignemt":"","sfsi_plus_gutenburg_max_per_row":"","footnotes":""},"categories":[2],"tags":[],"class_list":["post-61676","post","type-post","status-publish","format-standard","has-post-thumbnail","hentry","category-geral"],"_links":{"self":[{"href":"https:\/\/www.caririemacao.com\/1\/wp-json\/wp\/v2\/posts\/61676","targetHints":{"allow":["GET"]}}],"collection":[{"href":"https:\/\/www.caririemacao.com\/1\/wp-json\/wp\/v2\/posts"}],"about":[{"href":"https:\/\/www.caririemacao.com\/1\/wp-json\/wp\/v2\/types\/post"}],"author":[{"embeddable":true,"href":"https:\/\/www.caririemacao.com\/1\/wp-json\/wp\/v2\/users\/1"}],"replies":[{"embeddable":true,"href":"https:\/\/www.caririemacao.com\/1\/wp-json\/wp\/v2\/comments?post=61676"}],"version-history":[{"count":1,"href":"https:\/\/www.caririemacao.com\/1\/wp-json\/wp\/v2\/posts\/61676\/revisions"}],"predecessor-version":[{"id":61677,"href":"https:\/\/www.caririemacao.com\/1\/wp-json\/wp\/v2\/posts\/61676\/revisions\/61677"}],"wp:featuredmedia":[{"embeddable":true,"href":"https:\/\/www.caririemacao.com\/1\/wp-json\/wp\/v2\/media\/55695"}],"wp:attachment":[{"href":"https:\/\/www.caririemacao.com\/1\/wp-json\/wp\/v2\/media?parent=61676"}],"wp:term":[{"taxonomy":"category","embeddable":true,"href":"https:\/\/www.caririemacao.com\/1\/wp-json\/wp\/v2\/categories?post=61676"},{"taxonomy":"post_tag","embeddable":true,"href":"https:\/\/www.caririemacao.com\/1\/wp-json\/wp\/v2\/tags?post=61676"}],"curies":[{"name":"wp","href":"https:\/\/api.w.org\/{rel}","templated":true}]}}