{"id":61773,"date":"2018-08-16T00:28:51","date_gmt":"2018-08-16T03:28:51","guid":{"rendered":"http:\/\/caririemacao.com\/1\/?p=61773"},"modified":"2018-08-17T14:03:33","modified_gmt":"2018-08-17T17:03:33","slug":"gurjao-poder-legislativo-promove-debate-sobre-falta-de-dagua-no-municipio","status":"publish","type":"post","link":"https:\/\/www.caririemacao.com\/1\/2018\/08\/16\/gurjao-poder-legislativo-promove-debate-sobre-falta-de-dagua-no-municipio\/","title":{"rendered":"Gurj\u00e3o: Poder Legislativo promove debate sobre falta de d\u2019\u00e1gua no munic\u00edpio"},"content":{"rendered":"<p>A C\u00e2mara Municipal de Gurj\u00e3o realiza na manh\u00e3 desta sexta-feira (17), uma audi\u00eancia p\u00fablica com a finalidade de debater os problemas de desabastecimento d\u00b4\u00e1gua na cidade de Gurj\u00e3o, por parte da Companhia de \u00c1guas e Esgotos do Estado da Para\u00edba (CAGEPA), \u00f3rg\u00e3o respons\u00e1vel pelo servi\u00e7o.<\/p>\n<p>O evento tem in\u00edcio \u00e0s 10h da manh\u00e3 e ter\u00e1 a presen\u00e7a dos vereadores e do gerente regional da Cagepa Borborema. A reuni\u00e3o acontece na C\u00e2mara Municipal e \u00e9 aberta a toda a popula\u00e7\u00e3o.<\/p>\n<p>A audi\u00eancia p\u00fablica \u00e9 fruto de requerimento de autoria do vereador Adailson Queiroz.<\/p>\n","protected":false},"excerpt":{"rendered":"<p>A C\u00e2mara Municipal de Gurj\u00e3o realiza na manh\u00e3 desta sexta-feira (17), uma audi\u00eancia p\u00fablica com a finalidade de debater os problemas de desabastecimento d\u00b4\u00e1gua na&hellip; <\/p>\n","protected":false},"author":1,"featured_media":27661,"comment_status":"closed","ping_status":"closed","sticky":false,"template":"","format":"standard","meta":{"sfsi_plus_gutenberg_text_before_share":"","sfsi_plus_gutenberg_show_text_before_share":"","sfsi_plus_gutenberg_icon_type":"","sfsi_plus_gutenberg_icon_alignemt":"","sfsi_plus_gutenburg_max_per_row":"","footnotes":""},"categories":[11],"tags":[],"class_list":["post-61773","post","type-post","status-publish","format-standard","has-post-thumbnail","hentry","category-politica"],"_links":{"self":[{"href":"https:\/\/www.caririemacao.com\/1\/wp-json\/wp\/v2\/posts\/61773","targetHints":{"allow":["GET"]}}],"collection":[{"href":"https:\/\/www.caririemacao.com\/1\/wp-json\/wp\/v2\/posts"}],"about":[{"href":"https:\/\/www.caririemacao.com\/1\/wp-json\/wp\/v2\/types\/post"}],"author":[{"embeddable":true,"href":"https:\/\/www.caririemacao.com\/1\/wp-json\/wp\/v2\/users\/1"}],"replies":[{"embeddable":true,"href":"https:\/\/www.caririemacao.com\/1\/wp-json\/wp\/v2\/comments?post=61773"}],"version-history":[{"count":2,"href":"https:\/\/www.caririemacao.com\/1\/wp-json\/wp\/v2\/posts\/61773\/revisions"}],"predecessor-version":[{"id":61884,"href":"https:\/\/www.caririemacao.com\/1\/wp-json\/wp\/v2\/posts\/61773\/revisions\/61884"}],"wp:featuredmedia":[{"embeddable":true,"href":"https:\/\/www.caririemacao.com\/1\/wp-json\/wp\/v2\/media\/27661"}],"wp:attachment":[{"href":"https:\/\/www.caririemacao.com\/1\/wp-json\/wp\/v2\/media?parent=61773"}],"wp:term":[{"taxonomy":"category","embeddable":true,"href":"https:\/\/www.caririemacao.com\/1\/wp-json\/wp\/v2\/categories?post=61773"},{"taxonomy":"post_tag","embeddable":true,"href":"https:\/\/www.caririemacao.com\/1\/wp-json\/wp\/v2\/tags?post=61773"}],"curies":[{"name":"wp","href":"https:\/\/api.w.org\/{rel}","templated":true}]}}