{"id":61973,"date":"2018-08-18T00:25:33","date_gmt":"2018-08-18T03:25:33","guid":{"rendered":"http:\/\/caririemacao.com\/1\/?p=61973"},"modified":"2018-08-18T00:25:33","modified_gmt":"2018-08-18T03:25:33","slug":"prefeito-jefferson-anuncia-a-3a-atracao-do-x-festival-do-mel","status":"publish","type":"post","link":"https:\/\/www.caririemacao.com\/1\/2018\/08\/18\/prefeito-jefferson-anuncia-a-3a-atracao-do-x-festival-do-mel\/","title":{"rendered":"Prefeito Jefferson anuncia a 3\u00aa atra\u00e7\u00e3o do X Festival do Mel"},"content":{"rendered":"<p>Depois de ter anunciado M\u00e1rcia Fellipe e Devinho Novaes, o prefeito de S\u00e3o Jos\u00e9 dos Cordeiros, Jefferson Roberto, divulgou nesta sexta-feira, dia 17, a terceira atra\u00e7\u00e3o.<\/p>\n<p>Segundo o prefeito, a 3\u00aa atra\u00e7\u00e3o \u00e9 o cantor Alcymar Monteiro, considerado um dos grandes int\u00e9rpretes da m\u00fasica nordestina, mais especificamente do Forr\u00f3 tradicional, sendo conhecido como o\u00a0Rei do Forr\u00f3.<\/p>\n<p>Pesquisador dos ritmos nordestinos, Alcymar faz um trabalho vers\u00e1til sem perder o foco na aut\u00eantica m\u00fasica nordestina. Em mais de tr\u00eas d\u00e9cadas de carreira j\u00e1 teve suas m\u00fasicas gravadas por grandes nomes da\u00a0MPB\u00a0como\u00a0Z\u00e9 Ramalho\u00a0e\u00a0Alceu Valen\u00e7a. J\u00e1 fez duetos com\u00a0Luiz Gonzaga,\u00a0Dominguinhos,\u00a0Elba Ramalho,\u00a0Marin\u00eas entre outros.<\/p>\n<p>O evento acontece\u00a0nos dias 21, 22 e 23 de setembro e contar\u00e1 com uma extensa programa\u00e7\u00e3o t\u00e9cnica e musical.<\/p>\n<p><strong>Com reda\u00e7\u00e3o Cariri em A\u00e7\u00e3o<\/strong><\/p>\n","protected":false},"excerpt":{"rendered":"<p>Depois de ter anunciado M\u00e1rcia Fellipe e Devinho Novaes, o prefeito de S\u00e3o Jos\u00e9 dos Cordeiros, Jefferson Roberto, divulgou nesta sexta-feira, dia 17, a terceira&hellip; <\/p>\n","protected":false},"author":1,"featured_media":61974,"comment_status":"closed","ping_status":"closed","sticky":false,"template":"","format":"standard","meta":{"sfsi_plus_gutenberg_text_before_share":"","sfsi_plus_gutenberg_show_text_before_share":"","sfsi_plus_gutenberg_icon_type":"","sfsi_plus_gutenberg_icon_alignemt":"","sfsi_plus_gutenburg_max_per_row":"","footnotes":""},"categories":[6],"tags":[],"class_list":["post-61973","post","type-post","status-publish","format-standard","has-post-thumbnail","hentry","category-cidades"],"_links":{"self":[{"href":"https:\/\/www.caririemacao.com\/1\/wp-json\/wp\/v2\/posts\/61973","targetHints":{"allow":["GET"]}}],"collection":[{"href":"https:\/\/www.caririemacao.com\/1\/wp-json\/wp\/v2\/posts"}],"about":[{"href":"https:\/\/www.caririemacao.com\/1\/wp-json\/wp\/v2\/types\/post"}],"author":[{"embeddable":true,"href":"https:\/\/www.caririemacao.com\/1\/wp-json\/wp\/v2\/users\/1"}],"replies":[{"embeddable":true,"href":"https:\/\/www.caririemacao.com\/1\/wp-json\/wp\/v2\/comments?post=61973"}],"version-history":[{"count":1,"href":"https:\/\/www.caririemacao.com\/1\/wp-json\/wp\/v2\/posts\/61973\/revisions"}],"predecessor-version":[{"id":61975,"href":"https:\/\/www.caririemacao.com\/1\/wp-json\/wp\/v2\/posts\/61973\/revisions\/61975"}],"wp:featuredmedia":[{"embeddable":true,"href":"https:\/\/www.caririemacao.com\/1\/wp-json\/wp\/v2\/media\/61974"}],"wp:attachment":[{"href":"https:\/\/www.caririemacao.com\/1\/wp-json\/wp\/v2\/media?parent=61973"}],"wp:term":[{"taxonomy":"category","embeddable":true,"href":"https:\/\/www.caririemacao.com\/1\/wp-json\/wp\/v2\/categories?post=61973"},{"taxonomy":"post_tag","embeddable":true,"href":"https:\/\/www.caririemacao.com\/1\/wp-json\/wp\/v2\/tags?post=61973"}],"curies":[{"name":"wp","href":"https:\/\/api.w.org\/{rel}","templated":true}]}}