{"id":61978,"date":"2018-08-18T07:03:27","date_gmt":"2018-08-18T10:03:27","guid":{"rendered":"http:\/\/caririemacao.com\/1\/?p=61978"},"modified":"2018-08-18T07:06:32","modified_gmt":"2018-08-18T10:06:32","slug":"morre-ex-prefeito-de-santo-andre-pb","status":"publish","type":"post","link":"https:\/\/www.caririemacao.com\/1\/2018\/08\/18\/morre-ex-prefeito-de-santo-andre-pb\/","title":{"rendered":"Morre ex-prefeito de Santo Andr\u00e9\/PB"},"content":{"rendered":"<p>Faleceu na madrugada deste s\u00e1bado, dia 18, por volta de 01h da manh\u00e3, na cidade de Jo\u00e3o Pessoa, Lucio Fl\u00e1vio de Medeiros, ex-prefeito do munic\u00edpio de Santo Andr\u00e9, no Cariri Paraibano.<\/p>\n<p>O corpo chega a cidade de Santo Andr\u00e9 por volta das 10h e ser\u00e1 velado na C\u00e2mara Municipal. O sepultamento ser\u00e1 \u00e0s 16h no cemit\u00e9rio da cidade.<\/p>\n<p>L\u00facio Fl\u00e1vio foi o primeiro prefeito da cidade, exercendo mandato de 1997 \u00e0 2000. Ele tinha 58 anos estava afastado dos servi\u00e7os p\u00fablicos para tratar de uma doen\u00e7a.<\/p>\n<p>A ex-secret\u00e1ria de comunica\u00e7\u00e3o de Santo Andr\u00e9, L\u00facia Medeiros comentou em sua p\u00e1gina na rede social que o munic\u00edpio perde um cidad\u00e3o ilustre que colaborou com a constru\u00e7\u00e3o e o crescimento de Santo Andr\u00e9.<\/p>\n","protected":false},"excerpt":{"rendered":"<p>Faleceu na madrugada deste s\u00e1bado, dia 18, por volta de 01h da manh\u00e3, na cidade de Jo\u00e3o Pessoa, Lucio Fl\u00e1vio de Medeiros, ex-prefeito do munic\u00edpio&hellip; <\/p>\n","protected":false},"author":2,"featured_media":61979,"comment_status":"closed","ping_status":"closed","sticky":false,"template":"","format":"standard","meta":{"sfsi_plus_gutenberg_text_before_share":"","sfsi_plus_gutenberg_show_text_before_share":"","sfsi_plus_gutenberg_icon_type":"","sfsi_plus_gutenberg_icon_alignemt":"","sfsi_plus_gutenburg_max_per_row":"","footnotes":""},"categories":[2],"tags":[],"class_list":["post-61978","post","type-post","status-publish","format-standard","has-post-thumbnail","hentry","category-geral"],"_links":{"self":[{"href":"https:\/\/www.caririemacao.com\/1\/wp-json\/wp\/v2\/posts\/61978","targetHints":{"allow":["GET"]}}],"collection":[{"href":"https:\/\/www.caririemacao.com\/1\/wp-json\/wp\/v2\/posts"}],"about":[{"href":"https:\/\/www.caririemacao.com\/1\/wp-json\/wp\/v2\/types\/post"}],"author":[{"embeddable":true,"href":"https:\/\/www.caririemacao.com\/1\/wp-json\/wp\/v2\/users\/2"}],"replies":[{"embeddable":true,"href":"https:\/\/www.caririemacao.com\/1\/wp-json\/wp\/v2\/comments?post=61978"}],"version-history":[{"count":3,"href":"https:\/\/www.caririemacao.com\/1\/wp-json\/wp\/v2\/posts\/61978\/revisions"}],"predecessor-version":[{"id":61982,"href":"https:\/\/www.caririemacao.com\/1\/wp-json\/wp\/v2\/posts\/61978\/revisions\/61982"}],"wp:featuredmedia":[{"embeddable":true,"href":"https:\/\/www.caririemacao.com\/1\/wp-json\/wp\/v2\/media\/61979"}],"wp:attachment":[{"href":"https:\/\/www.caririemacao.com\/1\/wp-json\/wp\/v2\/media?parent=61978"}],"wp:term":[{"taxonomy":"category","embeddable":true,"href":"https:\/\/www.caririemacao.com\/1\/wp-json\/wp\/v2\/categories?post=61978"},{"taxonomy":"post_tag","embeddable":true,"href":"https:\/\/www.caririemacao.com\/1\/wp-json\/wp\/v2\/tags?post=61978"}],"curies":[{"name":"wp","href":"https:\/\/api.w.org\/{rel}","templated":true}]}}