{"id":62000,"date":"2018-08-18T10:10:18","date_gmt":"2018-08-18T13:10:18","guid":{"rendered":"http:\/\/caririemacao.com\/1\/?p=62000"},"modified":"2018-08-18T10:10:18","modified_gmt":"2018-08-18T13:10:18","slug":"na-redetv-oito-presidenciaveis-discutem-propostas-de-governo-no-2o-debate","status":"publish","type":"post","link":"https:\/\/www.caririemacao.com\/1\/2018\/08\/18\/na-redetv-oito-presidenciaveis-discutem-propostas-de-governo-no-2o-debate\/","title":{"rendered":"Na RedeTV: oito presidenci\u00e1veis discutem propostas de governo no 2\u00ba debate"},"content":{"rendered":"<div class=\"mc-column content-text active-extra-styles active-capital-letter\" data-block-type=\"unstyled\" data-block-weight=\"17\" data-block-id=\"2\">\n<p class=\"content-text__container theme-color-primary-first-letter\" data-track-category=\"Link no Texto\">Oito candidatos \u00e0 Presid\u00eancia da Rep\u00fablica participaram na noite desta sexta-feira (17) de um debate na RedeTV!.<\/p>\n<\/div>\n<div class=\"wall\">\n<div class=\"mc-column content-text active-extra-styles \" data-block-type=\"unstyled\" data-block-weight=\"31\" data-block-id=\"3\">\n<p class=\"content-text__container \" data-track-category=\"Link no Texto\">O debate durou 2 horas e 15 minutos e terminou na madrugada deste s\u00e1bado (18). \u00c9 o segundo da elei\u00e7\u00e3o 2018 \u2013 o primeiro foi no \u00faltimo 10, na TV Bandeirantes.<\/p>\n<\/div>\n<div class=\"mc-column content-text active-extra-styles \" data-block-type=\"unstyled\" data-block-weight=\"28\" data-block-id=\"4\">\n<p class=\"content-text__container \" data-track-category=\"Link no Texto\">Participaram os presidenci\u00e1veis Alvaro Dias (Podemos), Cabo Daciolo (Patriota), Geraldo Alckmin (PSDB), Marina Silva (Rede), Jair Bolsonaro (PSL), Guilherme Boulos (PSOL), Henrique Meirelles (MDB) e Ciro Gomes (PDT).<\/p>\n<\/div>\n<div class=\"mc-column content-text active-extra-styles \" data-block-type=\"unstyled\" data-block-weight=\"72\" data-block-id=\"5\">\n<p class=\"content-text__container \" data-track-category=\"Link no Texto\">Antes do in\u00edcio do debate, os mediadores informaram que um p\u00falpito estava reservado ao candidato do PT, Luiz In\u00e1cio Lula da Silva, preso em Curitiba. A defesa do ex-presidente pediu ao Tribunal Superior Eleitoral (TSE) autoriza\u00e7\u00e3o para a participa\u00e7\u00e3o dele, mas o pedido foi rejeitado. Segundo os mediadores, em raz\u00e3o da aus\u00eancia, o p\u00falpito reservado a Lula foi retirado, por decis\u00e3o da maioria dos candidatos \u2013 a exce\u00e7\u00e3o foi Guilherme Boulos (PSOL).<\/p>\n<\/div>\n<div class=\"mc-column content-text active-extra-styles \" data-block-type=\"unstyled\" data-block-weight=\"15\" data-block-id=\"6\">\n<p class=\"content-text__container \" data-track-category=\"Link no Texto\">Durante o encontro, os postulantes apresentaram propostas sobre emprego, educa\u00e7\u00e3o, seguran\u00e7a p\u00fablica, entre outros temas.<\/p>\n<\/div>\n<div class=\"mc-column content-text active-extra-styles \" data-block-type=\"unstyled\" data-block-weight=\"7\" data-block-id=\"7\">\n<p class=\"content-text__container \" data-track-category=\"Link no Texto\">O debate foi dividido em quatro blocos:<\/p>\n<\/div>\n<div class=\"mc-column content-text active-extra-styles\" data-block-type=\"raw\" data-block-weight=\"59\" data-block-id=\"8\">\n<ul class=\"content-unordered-list\">\n<li>Primeiro bloco: os candidatos responderam \u00e0s seguintes perguntas: \u201cPor que o senhor (a) quer ser presidente?\u201d e \u201cO que \u00e9 preciso mudar no combate \u00e0 corrup\u00e7\u00e3o?\u201d. Depois, deram respostas a questionamentos de telespectadores e fizeram perguntas uns aos outros.<\/li>\n<li>Segundo bloco: perguntas de jornalistas da RedeTV! e da revista \u2018Isto\u00c9\u2019.<\/li>\n<li>Terceiro bloco: perguntas entre candidatos.<\/li>\n<li>Quarto bloco: considera\u00e7\u00f5es finais.<\/li>\n<\/ul>\n<\/div>\n<\/div>\n<p><strong>Cariri Em A\u00e7\u00e3o<\/strong><\/p>\n<p>Leia mais not\u00edcias em\u00a0<a href=\"http:\/\/www.caririemacao.com\/\">caririemacao.com<\/a>, siga nossa p\u00e1gina no\u00a0<a href=\"https:\/\/www.facebook.com\/CaririEmAcao\/?ref=aymt_homepage_panel\">Facebook<\/a>,\u00a0<a href=\"https:\/\/www.instagram.com\/cariri_em_acao\/?hl=pt-br\">Instagram<\/a>\u00a0e\u00a0<a href=\"https:\/\/www.youtube.com\/channel\/UCAptA0jQuYQy8vMhLt2m4qg\">Youtube<\/a>\u00a0e veja nossas mat\u00e9rias, v\u00eddeos e fotos. Voc\u00ea tamb\u00e9m pode enviar informa\u00e7\u00f5es \u00e0 Reda\u00e7\u00e3o do Portal Cariri em A\u00e7\u00e3o pelo WhatsApp (83) 9 9634.5791, (83) 9 9601-1162.<\/p>\n","protected":false},"excerpt":{"rendered":"<p>Oito candidatos \u00e0 Presid\u00eancia da Rep\u00fablica participaram na noite desta sexta-feira (17) de um debate na RedeTV!. O debate durou 2 horas e 15 minutos&hellip; <\/p>\n","protected":false},"author":1,"featured_media":58509,"comment_status":"closed","ping_status":"closed","sticky":false,"template":"","format":"standard","meta":{"sfsi_plus_gutenberg_text_before_share":"","sfsi_plus_gutenberg_show_text_before_share":"","sfsi_plus_gutenberg_icon_type":"","sfsi_plus_gutenberg_icon_alignemt":"","sfsi_plus_gutenburg_max_per_row":"","footnotes":""},"categories":[1],"tags":[],"class_list":["post-62000","post","type-post","status-publish","format-standard","has-post-thumbnail","hentry","category-o-site"],"_links":{"self":[{"href":"https:\/\/www.caririemacao.com\/1\/wp-json\/wp\/v2\/posts\/62000","targetHints":{"allow":["GET"]}}],"collection":[{"href":"https:\/\/www.caririemacao.com\/1\/wp-json\/wp\/v2\/posts"}],"about":[{"href":"https:\/\/www.caririemacao.com\/1\/wp-json\/wp\/v2\/types\/post"}],"author":[{"embeddable":true,"href":"https:\/\/www.caririemacao.com\/1\/wp-json\/wp\/v2\/users\/1"}],"replies":[{"embeddable":true,"href":"https:\/\/www.caririemacao.com\/1\/wp-json\/wp\/v2\/comments?post=62000"}],"version-history":[{"count":1,"href":"https:\/\/www.caririemacao.com\/1\/wp-json\/wp\/v2\/posts\/62000\/revisions"}],"predecessor-version":[{"id":62001,"href":"https:\/\/www.caririemacao.com\/1\/wp-json\/wp\/v2\/posts\/62000\/revisions\/62001"}],"wp:featuredmedia":[{"embeddable":true,"href":"https:\/\/www.caririemacao.com\/1\/wp-json\/wp\/v2\/media\/58509"}],"wp:attachment":[{"href":"https:\/\/www.caririemacao.com\/1\/wp-json\/wp\/v2\/media?parent=62000"}],"wp:term":[{"taxonomy":"category","embeddable":true,"href":"https:\/\/www.caririemacao.com\/1\/wp-json\/wp\/v2\/categories?post=62000"},{"taxonomy":"post_tag","embeddable":true,"href":"https:\/\/www.caririemacao.com\/1\/wp-json\/wp\/v2\/tags?post=62000"}],"curies":[{"name":"wp","href":"https:\/\/api.w.org\/{rel}","templated":true}]}}