{"id":62004,"date":"2018-08-18T10:27:54","date_gmt":"2018-08-18T13:27:54","guid":{"rendered":"http:\/\/caririemacao.com\/1\/?p=62004"},"modified":"2018-08-18T10:27:54","modified_gmt":"2018-08-18T13:27:54","slug":"gremio-deve-ter-forca-maxima-para-enfrentar-o-corinthians-veja","status":"publish","type":"post","link":"https:\/\/www.caririemacao.com\/1\/2018\/08\/18\/gremio-deve-ter-forca-maxima-para-enfrentar-o-corinthians-veja\/","title":{"rendered":"Gr\u00eamio deve ter for\u00e7a m\u00e1xima para enfrentar o Corinthians; Veja"},"content":{"rendered":"<p>Ao contr\u00e1rio do que aconteceu nas duas \u00faltimas rodadas, o Gr\u00eamio deve ter for\u00e7a m\u00e1xima para enfrentar o Corinthians neste s\u00e1bado, \u00e0s 16h, no Itaquer\u00e3o, pela \u00faltima rodada do primeiro turno do Campeonato Brasileiro.<\/p>\n<p><img fetchpriority=\"high\" decoding=\"async\" src=\"https:\/\/www.reporterpb.com.br\/images\/noticias\/extras\/agosto_2018\/gremio1.jpg\" alt=\"\" width=\"800\" height=\"450\" \/><\/p>\n<p>No treino desta sexta-feira, a defesa titular, formada por L\u00e9o Moura, Geromel, Kannemann e Cortez, n\u00e3o treinou. Mesmo assim, nenhum dos quatro jogadores deve ser problema para a partida.<\/p>\n<p>Com apenas duas competi\u00e7\u00f5es no calend\u00e1rio, o Gr\u00eamio volta a &#8220;dar aten\u00e7\u00e3o&#8221; ao Brasileiro. Nas rodadas passadas, atuou com uma equipe reserva, mas conseguiu bons resultados ao ganhar de Flamengo por 2 a 0 e Vit\u00f3ria por 4 a 0.<\/p>\n<p>A escala\u00e7\u00e3o do Gr\u00eamio deve ser a seguinte: Marcelo Grohe; L\u00e9o Moura, Kannemann, Geromel e Cortez; Maicon, Ja\u00edlson, Ramiro e Luan; Andr\u00e9 e Everton.<\/p>\n<p>Em quarto lugar no Brasileiro, o Gr\u00eamio tamb\u00e9m est\u00e1 no p\u00e1reo pelo bicampeonato da Libertadores. Na partida de ida das oitavas de final, a equipe ga\u00facha perdeu por 2 a 1 para o Estudiantes e precisa ganhar por dois gols de diferen\u00e7a na volta, em Porto Alegre, no dia 28.<\/p>\n<p><strong>Folhapress\/Foto: Reprodu\u00e7\u00e3o\u00a0<\/strong><\/p>\n<p><strong>Cariri Em A\u00e7\u00e3o<\/strong><\/p>\n<p>Leia mais not\u00edcias em\u00a0<a href=\"http:\/\/www.caririemacao.com\/\">caririemacao.com<\/a>, siga nossa p\u00e1gina no\u00a0<a href=\"https:\/\/www.facebook.com\/CaririEmAcao\/?ref=aymt_homepage_panel\">Facebook<\/a>,\u00a0<a href=\"https:\/\/www.instagram.com\/cariri_em_acao\/?hl=pt-br\">Instagram<\/a>\u00a0e\u00a0<a href=\"https:\/\/www.youtube.com\/channel\/UCAptA0jQuYQy8vMhLt2m4qg\">Youtube<\/a>\u00a0e veja nossas mat\u00e9rias, v\u00eddeos e fotos. Voc\u00ea tamb\u00e9m pode enviar informa\u00e7\u00f5es \u00e0 Reda\u00e7\u00e3o do Portal Cariri em A\u00e7\u00e3o pelo WhatsApp (83) 9 9634.5791, (83) 9 9601-1162.<\/p>\n","protected":false},"excerpt":{"rendered":"<p>Ao contr\u00e1rio do que aconteceu nas duas \u00faltimas rodadas, o Gr\u00eamio deve ter for\u00e7a m\u00e1xima para enfrentar o Corinthians neste s\u00e1bado, \u00e0s 16h, no Itaquer\u00e3o,&hellip; <\/p>\n","protected":false},"author":1,"featured_media":34163,"comment_status":"closed","ping_status":"closed","sticky":false,"template":"","format":"standard","meta":{"sfsi_plus_gutenberg_text_before_share":"","sfsi_plus_gutenberg_show_text_before_share":"","sfsi_plus_gutenberg_icon_type":"","sfsi_plus_gutenberg_icon_alignemt":"","sfsi_plus_gutenburg_max_per_row":"","footnotes":""},"categories":[13],"tags":[],"class_list":["post-62004","post","type-post","status-publish","format-standard","has-post-thumbnail","hentry","category-esportes"],"_links":{"self":[{"href":"https:\/\/www.caririemacao.com\/1\/wp-json\/wp\/v2\/posts\/62004","targetHints":{"allow":["GET"]}}],"collection":[{"href":"https:\/\/www.caririemacao.com\/1\/wp-json\/wp\/v2\/posts"}],"about":[{"href":"https:\/\/www.caririemacao.com\/1\/wp-json\/wp\/v2\/types\/post"}],"author":[{"embeddable":true,"href":"https:\/\/www.caririemacao.com\/1\/wp-json\/wp\/v2\/users\/1"}],"replies":[{"embeddable":true,"href":"https:\/\/www.caririemacao.com\/1\/wp-json\/wp\/v2\/comments?post=62004"}],"version-history":[{"count":1,"href":"https:\/\/www.caririemacao.com\/1\/wp-json\/wp\/v2\/posts\/62004\/revisions"}],"predecessor-version":[{"id":62005,"href":"https:\/\/www.caririemacao.com\/1\/wp-json\/wp\/v2\/posts\/62004\/revisions\/62005"}],"wp:featuredmedia":[{"embeddable":true,"href":"https:\/\/www.caririemacao.com\/1\/wp-json\/wp\/v2\/media\/34163"}],"wp:attachment":[{"href":"https:\/\/www.caririemacao.com\/1\/wp-json\/wp\/v2\/media?parent=62004"}],"wp:term":[{"taxonomy":"category","embeddable":true,"href":"https:\/\/www.caririemacao.com\/1\/wp-json\/wp\/v2\/categories?post=62004"},{"taxonomy":"post_tag","embeddable":true,"href":"https:\/\/www.caririemacao.com\/1\/wp-json\/wp\/v2\/tags?post=62004"}],"curies":[{"name":"wp","href":"https:\/\/api.w.org\/{rel}","templated":true}]}}