{"id":62010,"date":"2018-08-18T13:51:10","date_gmt":"2018-08-18T16:51:10","guid":{"rendered":"http:\/\/caririemacao.com\/1\/?p=62010"},"modified":"2018-08-18T13:51:10","modified_gmt":"2018-08-18T16:51:10","slug":"tse-vive-situacao-inedita-com-registro-de-lula","status":"publish","type":"post","link":"https:\/\/www.caririemacao.com\/1\/2018\/08\/18\/tse-vive-situacao-inedita-com-registro-de-lula\/","title":{"rendered":"TSE vive situa\u00e7\u00e3o in\u00e9dita com registro de Lula"},"content":{"rendered":"<p>A batalha jur\u00eddica preparada pelo PT para ter Lula candidato coloca o TSE (Tribunal Superior Eleitoral) em situa\u00e7\u00e3o in\u00e9dita: discutir a inelegibilidade de um postulante ao Planalto potencialmente enquadrado na Lei da Ficha Limpa.<\/p>\n<p>Desde 1989, o TSE j\u00e1 indeferiu 30 registros de candidatos \u00e0 Presid\u00eancia de menor express\u00e3o, segundo levantamento da Se\u00e7\u00e3o de Pesquisa Jurisprudencial, por motivos variados -n\u00e3o filia\u00e7\u00e3o a partido, problemas formais em conven\u00e7\u00f5es, presta\u00e7\u00f5es de contas pendentes, entre outros.<\/p>\n<p>A corte barrou a candidatura do apresentador Silvio Santos em 1989, por exemplo. Em 2006, a de Rui Costa Pimenta (PCO). Nenhum caso foi por causa da Ficha Limpa.<\/p>\n<p>A lei, de 2010, torna ineleg\u00edveis pessoas condenadas em segunda inst\u00e2ncia por crimes como o de corrup\u00e7\u00e3o. Lula foi condenado pela segunda inst\u00e2ncia da Justi\u00e7a Federal a 12 anos e um m\u00eas de pris\u00e3o no caso do tr\u00edplex de Guaruj\u00e1 (SP).<\/p>\n<p>Apesar do ineditismo, magistrados consultados ouvidos pela reportagem disseram considerar que o caso de Lula, do ponto de vista eleitoral, \u00e9 objetivo e n\u00e3o d\u00e1 margem a muitas interpreta\u00e7\u00f5es, pois a Lei da Ficha Limpa \u00e9 clara sobre a inelegibilidade de condenados em segundo grau.<\/p>\n<p>Para esses magistrados, n\u00e3o surpreender\u00e1 se a decis\u00e3o de barrar o petista for un\u00e2nime no TSE. Um ministro enfatizou que a Ficha Limpa \u00e9 mat\u00e9ria pacificada quanto \u00e0 condena\u00e7\u00e3o em segunda inst\u00e2ncia.<\/p>\n<p>A pr\u00f3pria defesa de Lula admite que a inelegibilidade derivada da condena\u00e7\u00e3o criminal \u00e9 um fato. Mas os advogados dizem apostar em alguma liminar concedida pelo STF ou pelo STJ (Superior Tribunal de Justi\u00e7a) para suspender a condena\u00e7\u00e3o na Lava Jato e, com isso, a inelegibilidade.<\/p>\n<div id=\"attachment_489792\" class=\"wp-caption aligncenter\"><img decoding=\"async\" class=\"wp-image-489792 size-medium lazyload\" data-src=\"https:\/\/paraibaonline.com.br\/wp-content\/uploads\/2018\/08\/lulacandidato-556x417.jpeg\" data-srcset=\"https:\/\/paraibaonline.com.br\/wp-content\/uploads\/2018\/08\/lulacandidato-556x417.jpeg 556w, https:\/\/paraibaonline.com.br\/wp-content\/uploads\/2018\/08\/lulacandidato.jpeg 800w\" alt=\"Foto: TSE\" src=\"data:image\/svg+xml;base64,PHN2ZyB3aWR0aD0iMSIgaGVpZ2h0PSIxIiB4bWxucz0iaHR0cDovL3d3dy53My5vcmcvMjAwMC9zdmciPjwvc3ZnPg==\" style=\"--smush-placeholder-width: 556px; --smush-placeholder-aspect-ratio: 556\/417;\" \/><\/div>\n<p>\u201cEles t\u00eam raz\u00e3o [sobre Lula estar ineleg\u00edvel], mas isso n\u00e3o quer dizer que a inelegibilidade seja definitiva\u201d, disse um dos advogados do petista, Luiz Fernando Pereira.<\/p>\n<p>\u201cA gente fez uma s\u00e9rie de estudos de caso e constatou que h\u00e1 v\u00e1rios casos de ineleg\u00edveis, alguns condenados em segunda inst\u00e2ncia como Lula, que conseguiram suspender a inelegibilidade.\u201d<\/p>\n<p>Outro debate in\u00e9dito que os ministros poder\u00e3o fazer \u00e9 se a palavra final para indeferir o registro de um candidato a presidente \u00e9 do plen\u00e1rio do TSE ou do STF (Supremo Tribunal Federal).<\/p>\n<p>O TSE j\u00e1 decidiu que \u00e9 ali, e n\u00e3o o Supremo, a \u00faltima inst\u00e2ncia para decidir sobre convoca\u00e7\u00e3o de novas elei\u00e7\u00f5es para prefeito e governador, por exemplo, mas n\u00e3o se debru\u00e7ou sobre um caso de candidatura ao Planalto.<\/p>\n<p>Um integrante do TSE disse que, apesar de n\u00e3o ter analisado situa\u00e7\u00e3o semelhante, entende que a palavra final deve ser a do plen\u00e1rio da corte eleitoral. Para ele, se o TSE considera que o processo transitou em julgado, o nome do candidato n\u00e3o vai para a urna.<\/p>\n<p>O PT tem dito que vai levantar essa quest\u00e3o. O efeito pr\u00e1tico de o partido sustentar que a palavra final \u00e9 do Supremo seria, em tese, tentar concorrer sub judice (com recurso pendente no STF).<\/p>\n<p>Mas h\u00e1 um por\u00e9m. Como a lei estipula que o prazo para substituir o candidato -no caso, trocar Lula por seu vice, Fernando Haddad- \u00e9 17 de setembro, essa discuss\u00e3o s\u00f3 ter\u00e1 sentido se o partido n\u00e3o fizer a mudan\u00e7a e insistir em manter Lula depois dessa data, cen\u00e1rio visto hoje como improv\u00e1vel.<\/p>\n<p>O dia 17 de setembro tamb\u00e9m \u00e9 o limite para o plen\u00e1rio do TSE julgar o registro da candidatura, conforme estipulado no calend\u00e1rio eleitoral.<\/p>\n<p>&nbsp;<\/p>\n<p><strong>Para\u00edba Online\/Foto: Reprodu\u00e7\u00e3o\u00a0<\/strong><\/p>\n<p>&nbsp;<\/p>\n<p><strong>Cariri Em A\u00e7\u00e3o<\/strong><\/p>\n<p>Leia mais not\u00edcias em\u00a0<a href=\"http:\/\/www.caririemacao.com\/\">caririemacao.com<\/a>, siga nossa p\u00e1gina no\u00a0<a href=\"https:\/\/www.facebook.com\/CaririEmAcao\/?ref=aymt_homepage_panel\">Facebook<\/a>,\u00a0<a href=\"https:\/\/www.instagram.com\/cariri_em_acao\/?hl=pt-br\">Instagram<\/a>\u00a0e\u00a0<a href=\"https:\/\/www.youtube.com\/channel\/UCAptA0jQuYQy8vMhLt2m4qg\">Youtube<\/a>\u00a0e veja nossas mat\u00e9rias, v\u00eddeos e fotos. Voc\u00ea tamb\u00e9m pode enviar informa\u00e7\u00f5es \u00e0 Reda\u00e7\u00e3o do Portal Cariri em A\u00e7\u00e3o pelo WhatsApp (83) 9 9634.5791, (83) 9 9601-1162.<\/p>\n","protected":false},"excerpt":{"rendered":"<p>A batalha jur\u00eddica preparada pelo PT para ter Lula candidato coloca o TSE (Tribunal Superior Eleitoral) em situa\u00e7\u00e3o in\u00e9dita: discutir a inelegibilidade de um postulante&hellip; <\/p>\n","protected":false},"author":1,"featured_media":62011,"comment_status":"closed","ping_status":"closed","sticky":false,"template":"","format":"standard","meta":{"sfsi_plus_gutenberg_text_before_share":"","sfsi_plus_gutenberg_show_text_before_share":"","sfsi_plus_gutenberg_icon_type":"","sfsi_plus_gutenberg_icon_alignemt":"","sfsi_plus_gutenburg_max_per_row":"","footnotes":""},"categories":[1],"tags":[],"class_list":["post-62010","post","type-post","status-publish","format-standard","has-post-thumbnail","hentry","category-o-site"],"_links":{"self":[{"href":"https:\/\/www.caririemacao.com\/1\/wp-json\/wp\/v2\/posts\/62010","targetHints":{"allow":["GET"]}}],"collection":[{"href":"https:\/\/www.caririemacao.com\/1\/wp-json\/wp\/v2\/posts"}],"about":[{"href":"https:\/\/www.caririemacao.com\/1\/wp-json\/wp\/v2\/types\/post"}],"author":[{"embeddable":true,"href":"https:\/\/www.caririemacao.com\/1\/wp-json\/wp\/v2\/users\/1"}],"replies":[{"embeddable":true,"href":"https:\/\/www.caririemacao.com\/1\/wp-json\/wp\/v2\/comments?post=62010"}],"version-history":[{"count":1,"href":"https:\/\/www.caririemacao.com\/1\/wp-json\/wp\/v2\/posts\/62010\/revisions"}],"predecessor-version":[{"id":62012,"href":"https:\/\/www.caririemacao.com\/1\/wp-json\/wp\/v2\/posts\/62010\/revisions\/62012"}],"wp:featuredmedia":[{"embeddable":true,"href":"https:\/\/www.caririemacao.com\/1\/wp-json\/wp\/v2\/media\/62011"}],"wp:attachment":[{"href":"https:\/\/www.caririemacao.com\/1\/wp-json\/wp\/v2\/media?parent=62010"}],"wp:term":[{"taxonomy":"category","embeddable":true,"href":"https:\/\/www.caririemacao.com\/1\/wp-json\/wp\/v2\/categories?post=62010"},{"taxonomy":"post_tag","embeddable":true,"href":"https:\/\/www.caririemacao.com\/1\/wp-json\/wp\/v2\/tags?post=62010"}],"curies":[{"name":"wp","href":"https:\/\/api.w.org\/{rel}","templated":true}]}}