{"id":62266,"date":"2018-08-20T21:13:45","date_gmt":"2018-08-21T00:13:45","guid":{"rendered":"http:\/\/caririemacao.com\/1\/?p=62266"},"modified":"2018-08-20T21:13:45","modified_gmt":"2018-08-21T00:13:45","slug":"empresarios-e-advogados-dominam-disputa-nas-eleicoes","status":"publish","type":"post","link":"https:\/\/www.caririemacao.com\/1\/2018\/08\/20\/empresarios-e-advogados-dominam-disputa-nas-eleicoes\/","title":{"rendered":"Empres\u00e1rios e advogados dominam disputa nas elei\u00e7\u00f5es"},"content":{"rendered":"<p>A disputa eleitoral deste ano na Para\u00edba ter\u00e1 601 candidatos concorrendo aos cargos de governador, vice-governador, senador, deputado federal e deputado estadual. De acordo com dados repassados \u00e0 Justi\u00e7a Eleitoral pelos pr\u00f3prios candidatos, a maior parte composta por empres\u00e1rios e advogados.<\/p>\n<p>Cinquenta e dois candidatos declararam ser empres\u00e1rios, o que corresponde a quase 9% dos postulantes. O n\u00famero de advogados concorrendo \u00e0s elei\u00e7\u00f5es totalizou 38, o equivalente a 6,32% do total.<\/p>\n<p>O levantamento tamb\u00e9m registrou a candidatura de 25 policiais militares e de 19 m\u00e9dicos. A maioria dos candidatos (92), no entanto, informou desempenhar outras atividades.<\/p>\n<p style=\"text-align: left;\"><em><strong>Portal Correio\/Foto:Internet\u00a0<\/strong><\/em><\/p>\n","protected":false},"excerpt":{"rendered":"<p>A disputa eleitoral deste ano na Para\u00edba ter\u00e1 601 candidatos concorrendo aos cargos de governador, vice-governador, senador, deputado federal e deputado estadual. De acordo com&hellip; <\/p>\n","protected":false},"author":1,"featured_media":40761,"comment_status":"closed","ping_status":"closed","sticky":false,"template":"","format":"standard","meta":{"sfsi_plus_gutenberg_text_before_share":"","sfsi_plus_gutenberg_show_text_before_share":"","sfsi_plus_gutenberg_icon_type":"","sfsi_plus_gutenberg_icon_alignemt":"","sfsi_plus_gutenburg_max_per_row":"","footnotes":""},"categories":[1],"tags":[],"class_list":["post-62266","post","type-post","status-publish","format-standard","has-post-thumbnail","hentry","category-o-site"],"_links":{"self":[{"href":"https:\/\/www.caririemacao.com\/1\/wp-json\/wp\/v2\/posts\/62266","targetHints":{"allow":["GET"]}}],"collection":[{"href":"https:\/\/www.caririemacao.com\/1\/wp-json\/wp\/v2\/posts"}],"about":[{"href":"https:\/\/www.caririemacao.com\/1\/wp-json\/wp\/v2\/types\/post"}],"author":[{"embeddable":true,"href":"https:\/\/www.caririemacao.com\/1\/wp-json\/wp\/v2\/users\/1"}],"replies":[{"embeddable":true,"href":"https:\/\/www.caririemacao.com\/1\/wp-json\/wp\/v2\/comments?post=62266"}],"version-history":[{"count":1,"href":"https:\/\/www.caririemacao.com\/1\/wp-json\/wp\/v2\/posts\/62266\/revisions"}],"predecessor-version":[{"id":62267,"href":"https:\/\/www.caririemacao.com\/1\/wp-json\/wp\/v2\/posts\/62266\/revisions\/62267"}],"wp:featuredmedia":[{"embeddable":true,"href":"https:\/\/www.caririemacao.com\/1\/wp-json\/wp\/v2\/media\/40761"}],"wp:attachment":[{"href":"https:\/\/www.caririemacao.com\/1\/wp-json\/wp\/v2\/media?parent=62266"}],"wp:term":[{"taxonomy":"category","embeddable":true,"href":"https:\/\/www.caririemacao.com\/1\/wp-json\/wp\/v2\/categories?post=62266"},{"taxonomy":"post_tag","embeddable":true,"href":"https:\/\/www.caririemacao.com\/1\/wp-json\/wp\/v2\/tags?post=62266"}],"curies":[{"name":"wp","href":"https:\/\/api.w.org\/{rel}","templated":true}]}}