{"id":62268,"date":"2018-08-20T21:31:41","date_gmt":"2018-08-21T00:31:41","guid":{"rendered":"http:\/\/caririemacao.com\/1\/?p=62268"},"modified":"2018-08-20T21:54:52","modified_gmt":"2018-08-21T00:54:52","slug":"empresarios-homens-e-brancos-sao-maioria-entre-os-candidatos-para-eleicao-de-2018","status":"publish","type":"post","link":"https:\/\/www.caririemacao.com\/1\/2018\/08\/20\/empresarios-homens-e-brancos-sao-maioria-entre-os-candidatos-para-eleicao-de-2018\/","title":{"rendered":"Empres\u00e1rios, homens e brancos s\u00e3o maioria entre os candidatos para elei\u00e7\u00e3o de 2018"},"content":{"rendered":"<p>O n\u00famero de candidatos para as elei\u00e7\u00f5es gerais de 2018 cresceu 6% em rela\u00e7\u00e3o ao pleito de 2014. S\u00e3o 27 mil 841 candidatos para disputar as 1.654 vagas. Uma m\u00e9dia de 16 por vaga. Os dados s\u00e3o do Tribunal Superior Eleitoral &#8211; TSE.<\/p>\n<p>O perfil dos concorrentes \u00e9 majoritariamente formado por homens, brancos, empres\u00e1rios, com ensino superior completo e de meia idade. 70% dos candidatos s\u00e3o homens; contra 30% de mulheres. Este \u00e9 o limite definido por lei, que prev\u00ea que 30% dos nomes das listas partid\u00e1rias precisam ser de mulheres.<\/p>\n<p>J\u00e1 em rela\u00e7\u00e3o \u00e0 ocupa\u00e7\u00e3o, 10% dos candidatos s\u00e3o empres\u00e1rios. \u00c9 a atividade mais registrada entre os inscritos para a elei\u00e7\u00e3o. Em seguida, v\u00eam os advogados, que representam 6% do total. Em terceiro lugar est\u00e3o os que registram a ocupa\u00e7\u00e3o como deputado, 4%.<\/p>\n<div class=\"read_more\">\n<p><strong>Elei\u00e7\u00f5es 2018<\/strong><\/p>\n<\/div>\n<p>Entre os partidos, o que mais registrou candidaturas foi o PSL, com 5% do total. O PSOL \u00e9 o segundo com 4%. Vem na sequ\u00eancia o PT, o Patriota e o MDB. O PSDB, um dos maiores partidos do pa\u00eds, aparece em d\u00e9cimo segundo lugar no n\u00famero de candidatos.<\/p>\n<p>Em rela\u00e7\u00e3o a cor, a maioria \u00e9 formada por brancos, s\u00e3o 52% do total. 35% se declaram pardos e 10% se declaram pretos. Apenas 129 candidatos se registraram como ind\u00edgenas, o que representa menos de meio por cento das candidaturas.<\/p>\n<p>59% dos concorrentes t\u00eam entre 40 e 60 anos. 15% est\u00e3o acima dos sessenta e 24% tem 39 anos ou menos.<\/p>\n<p>Praticamente a metade, ou 49% dos postulantes a um cargo eletivo, tem o ensino superior completo. 28% afirmam ter ensino m\u00e9dio completo e 5% dizem ter ensino fundamental completo.<\/p>\n<p><em><strong>EBC\/Foto: Internet\u00a0<\/strong><\/em><\/p>\n","protected":false},"excerpt":{"rendered":"<p>O n\u00famero de candidatos para as elei\u00e7\u00f5es gerais de 2018 cresceu 6% em rela\u00e7\u00e3o ao pleito de 2014. S\u00e3o 27 mil 841 candidatos para disputar&hellip; <\/p>\n","protected":false},"author":1,"featured_media":62272,"comment_status":"closed","ping_status":"closed","sticky":false,"template":"","format":"standard","meta":{"sfsi_plus_gutenberg_text_before_share":"","sfsi_plus_gutenberg_show_text_before_share":"","sfsi_plus_gutenberg_icon_type":"","sfsi_plus_gutenberg_icon_alignemt":"","sfsi_plus_gutenburg_max_per_row":"","footnotes":""},"categories":[1],"tags":[],"class_list":["post-62268","post","type-post","status-publish","format-standard","has-post-thumbnail","hentry","category-o-site"],"_links":{"self":[{"href":"https:\/\/www.caririemacao.com\/1\/wp-json\/wp\/v2\/posts\/62268","targetHints":{"allow":["GET"]}}],"collection":[{"href":"https:\/\/www.caririemacao.com\/1\/wp-json\/wp\/v2\/posts"}],"about":[{"href":"https:\/\/www.caririemacao.com\/1\/wp-json\/wp\/v2\/types\/post"}],"author":[{"embeddable":true,"href":"https:\/\/www.caririemacao.com\/1\/wp-json\/wp\/v2\/users\/1"}],"replies":[{"embeddable":true,"href":"https:\/\/www.caririemacao.com\/1\/wp-json\/wp\/v2\/comments?post=62268"}],"version-history":[{"count":1,"href":"https:\/\/www.caririemacao.com\/1\/wp-json\/wp\/v2\/posts\/62268\/revisions"}],"predecessor-version":[{"id":62273,"href":"https:\/\/www.caririemacao.com\/1\/wp-json\/wp\/v2\/posts\/62268\/revisions\/62273"}],"wp:featuredmedia":[{"embeddable":true,"href":"https:\/\/www.caririemacao.com\/1\/wp-json\/wp\/v2\/media\/62272"}],"wp:attachment":[{"href":"https:\/\/www.caririemacao.com\/1\/wp-json\/wp\/v2\/media?parent=62268"}],"wp:term":[{"taxonomy":"category","embeddable":true,"href":"https:\/\/www.caririemacao.com\/1\/wp-json\/wp\/v2\/categories?post=62268"},{"taxonomy":"post_tag","embeddable":true,"href":"https:\/\/www.caririemacao.com\/1\/wp-json\/wp\/v2\/tags?post=62268"}],"curies":[{"name":"wp","href":"https:\/\/api.w.org\/{rel}","templated":true}]}}