{"id":62269,"date":"2018-08-20T21:19:07","date_gmt":"2018-08-21T00:19:07","guid":{"rendered":"http:\/\/caririemacao.com\/1\/?p=62269"},"modified":"2018-08-20T21:19:07","modified_gmt":"2018-08-21T00:19:07","slug":"ifpb-abre-selecao-para-104-vagas-no-ensino-superior-para-quem-fez-enem-2017-2016-ou-2015","status":"publish","type":"post","link":"https:\/\/www.caririemacao.com\/1\/2018\/08\/20\/ifpb-abre-selecao-para-104-vagas-no-ensino-superior-para-quem-fez-enem-2017-2016-ou-2015\/","title":{"rendered":"IFPB abre sele\u00e7\u00e3o para 104 vagas no Ensino Superior para quem fez Enem 2017, 2016 ou 2015"},"content":{"rendered":"<p><img fetchpriority=\"high\" decoding=\"async\" class=\"size-medium wp-image-13122 alignleft\" src=\"http:\/\/www.vitrinedocariri.com.br\/wp-content\/uploads\/2018\/05\/ifpb-monteiro-300x198.jpeg\" alt=\"\" width=\"300\" height=\"198\" \/>O Instituto Federal de Educa\u00e7\u00e3o Ci\u00eancia e Tecnologia da Para\u00edba (IFPB) abriu uma nova oportunidade para ingresso no Ensino Superior. Com vagas remanescentes do Sisu 2018.2, a institui\u00e7\u00e3o divulgou novo Processo Seletivo para Cursos Superiores (PSCS). Est\u00e3o sendo ofertadas 104 vagas para os campi de Cabedelo, Campina Grande, Monteiro, Picu\u00ed e Princesa Isabel. Dessa vez, a chance \u00e9 para quem fez o Exame Nacional do Ensino M\u00e9dio (Enem) dos anos 2017, 2016, ou 2015.<\/p>\n<p>A inscri\u00e7\u00e3o \u00e9 gratuita e as vagas s\u00e3o para o per\u00edodo 2018.2. Todos os cursos s\u00e3o presenciais. Acesse aqui o edital e o ambiente de inscri\u00e7\u00f5es online:\u00a0<a href=\"https:\/\/estudante.ifpb.edu.br\/processoseletivo\/processo\/14\/edicao\/98\/\">https:\/\/estudante.ifpb.edu.br\/processoseletivo\/processo\/14\/edicao\/98\/<\/a><\/p>\n<p>No Campus Cabedelo, as vagas ofertadas s\u00e3o para Licenciatura em Ci\u00eancias Biol\u00f3gicas (03 vagas), Tecnologia em Design Gr\u00e1fico (05 vagas); no Campus Campina, \u00e9 para Licenciatura em F\u00edsica (10 vagas), Licenciatura em Matem\u00e1tica (09 vagas), Tecnologia em Constru\u00e7\u00e3o de Edif\u00edcios (03 vagas), Tecnologia em Telem\u00e1tica (02 vagas), Bacharelado em Engenharia da Computa\u00e7\u00e3o (01 vaga); no Campus Monteiro, \u00e9 para Tecnologia em An\u00e1lise e Desenvolvimento de Sistemas (16 vagas), Tecnologia em Constru\u00e7\u00e3o de Edif\u00edcios (12 vagas); no Campus Picu\u00ed, \u00e9 para Tecnologia em Agroecologia (20 vagas); no Campus Princesa Isabel, \u00e9 para Tecnologia em Gest\u00e3o Ambiental (23 vagas).<\/p>\n<p>A inscri\u00e7\u00e3o \u00e9 de 20 a 28 de agosto, at\u00e9 \u00e0s 17h, por meio do preenchimento do formul\u00e1rio eletr\u00f4nico, inclusive question\u00e1rio socioecon\u00f4mico. Nesse per\u00edodo, \u00e9 necess\u00e1rio protocolar presencialmente nos campi do IFPB o Comprovante de Inscri\u00e7\u00e3o e o boletim do resultado do Enem 2017, 2016, ou 2015 (conforme modelo no Anexo III do Edital). A documenta\u00e7\u00e3o deve ser encaminhada para a Comiss\u00e3o Permanente de Concursos P\u00fablicos (Compec) com o assunto \u201cProcesso Seletivo para os Cursos Superiores \u2013 PSCS \u2013 Edital 064\/2018\u201d.<\/p>\n<p>A sele\u00e7\u00e3o ser\u00e1 realizada por meio de an\u00e1lise do desempenho no Enem nas notas obtidas em cada \u00e1rea de Conhecimento da Prova Objetiva e da nota de Reda\u00e7\u00e3o. Metade das vagas \u00e9 destinada a candidatos Egressos de Escolas P\u00fablicas (EEP). Dentro deste percentual, h\u00e1 reserva de vagas para candidatos autodeclarados pretos, pardos e ind\u00edgenas, bem como egressos de escola p\u00fablica com renda familiar igual ou inferior a 1,5 sal\u00e1rio m\u00ednimo. Tamb\u00e9m h\u00e1 vagas destinadas a pessoas com defici\u00eancia.<\/p>\n<p>A rela\u00e7\u00e3o preliminar dos candidatos inscritos ser\u00e1 divulgada no dia 10 de setembro e o resultado final est\u00e1 previsto para o dia 20 de setembro.<\/p>\n<p><strong>Cariri Em A\u00e7\u00e3o<\/strong><\/p>\n<p>Leia mais not\u00edcias em\u00a0<a href=\"http:\/\/www.caririemacao.com\/\">caririemacao.com<\/a>, siga nossa p\u00e1gina no\u00a0<a href=\"https:\/\/www.facebook.com\/CaririEmAcao\/?ref=aymt_homepage_panel\">Facebook<\/a>,\u00a0<a href=\"https:\/\/www.instagram.com\/cariri_em_acao\/?hl=pt-br\">Instagram<\/a>\u00a0e\u00a0<a href=\"https:\/\/www.youtube.com\/channel\/UCAptA0jQuYQy8vMhLt2m4qg\">Youtube<\/a>\u00a0e veja nossas mat\u00e9rias, v\u00eddeos e fotos. Voc\u00ea tamb\u00e9m pode enviar informa\u00e7\u00f5es \u00e0 Reda\u00e7\u00e3o do Portal Cariri em A\u00e7\u00e3o pelo WhatsApp (83) 9 9634.5791, (83) 9 9601-1162.<\/p>\n","protected":false},"excerpt":{"rendered":"<p>O Instituto Federal de Educa\u00e7\u00e3o Ci\u00eancia e Tecnologia da Para\u00edba (IFPB) abriu uma nova oportunidade para ingresso no Ensino Superior. Com vagas remanescentes do Sisu&hellip; <\/p>\n","protected":false},"author":1,"featured_media":41503,"comment_status":"closed","ping_status":"closed","sticky":false,"template":"","format":"standard","meta":{"sfsi_plus_gutenberg_text_before_share":"","sfsi_plus_gutenberg_show_text_before_share":"","sfsi_plus_gutenberg_icon_type":"","sfsi_plus_gutenberg_icon_alignemt":"","sfsi_plus_gutenburg_max_per_row":"","footnotes":""},"categories":[14],"tags":[],"class_list":["post-62269","post","type-post","status-publish","format-standard","has-post-thumbnail","hentry","category-educacao"],"_links":{"self":[{"href":"https:\/\/www.caririemacao.com\/1\/wp-json\/wp\/v2\/posts\/62269","targetHints":{"allow":["GET"]}}],"collection":[{"href":"https:\/\/www.caririemacao.com\/1\/wp-json\/wp\/v2\/posts"}],"about":[{"href":"https:\/\/www.caririemacao.com\/1\/wp-json\/wp\/v2\/types\/post"}],"author":[{"embeddable":true,"href":"https:\/\/www.caririemacao.com\/1\/wp-json\/wp\/v2\/users\/1"}],"replies":[{"embeddable":true,"href":"https:\/\/www.caririemacao.com\/1\/wp-json\/wp\/v2\/comments?post=62269"}],"version-history":[{"count":1,"href":"https:\/\/www.caririemacao.com\/1\/wp-json\/wp\/v2\/posts\/62269\/revisions"}],"predecessor-version":[{"id":62270,"href":"https:\/\/www.caririemacao.com\/1\/wp-json\/wp\/v2\/posts\/62269\/revisions\/62270"}],"wp:featuredmedia":[{"embeddable":true,"href":"https:\/\/www.caririemacao.com\/1\/wp-json\/wp\/v2\/media\/41503"}],"wp:attachment":[{"href":"https:\/\/www.caririemacao.com\/1\/wp-json\/wp\/v2\/media?parent=62269"}],"wp:term":[{"taxonomy":"category","embeddable":true,"href":"https:\/\/www.caririemacao.com\/1\/wp-json\/wp\/v2\/categories?post=62269"},{"taxonomy":"post_tag","embeddable":true,"href":"https:\/\/www.caririemacao.com\/1\/wp-json\/wp\/v2\/tags?post=62269"}],"curies":[{"name":"wp","href":"https:\/\/api.w.org\/{rel}","templated":true}]}}