{"id":62271,"date":"2018-08-20T21:59:16","date_gmt":"2018-08-21T00:59:16","guid":{"rendered":"http:\/\/caririemacao.com\/1\/?p=62271"},"modified":"2018-08-20T21:59:16","modified_gmt":"2018-08-21T00:59:16","slug":"com-alcione-carmen-lucia-e-raquel-dodge-cantam-nao-deixe-o-samba-morrer","status":"publish","type":"post","link":"https:\/\/www.caririemacao.com\/1\/2018\/08\/20\/com-alcione-carmen-lucia-e-raquel-dodge-cantam-nao-deixe-o-samba-morrer\/","title":{"rendered":"Com Alcione, C\u00e1rmen L\u00facia e Raquel Dodge cantam \u2018n\u00e3o deixe o samba morrer\u2019"},"content":{"rendered":"<p>De perfil austero e reservado, a presidente do Supremo Tribunal Federal, C\u00e1rmen L\u00facia, se permitiu aparecer em um momento de descontra\u00e7\u00e3o ao lado da cantora Alcione, que participou do semin\u00e1rio Elas por Elas, organizado pelo CNJ (Conselho Nacional de Justi\u00e7a).<\/p>\n<p>Em v\u00eddeo postado nas redes sociais pela sambista, a ministra aparece ao lado da procuradora-geral da Rep\u00fablica, Raquel Dodge, e da presidente do STJ (Superior Tribunal de Justi\u00e7a), Laurita Vaz, cantando o refr\u00e3o da famosa can\u00e7\u00e3o \u201cN\u00e3o deixe o samba morrer\u201d.<\/p>\n<p>\u201cVai C\u00e1rmen L\u00facia\u201d, provoca Alcione. A presidente do STF, ent\u00e3o, puxa o refr\u00e3o e \u00e9 seguida pelas demais autoridades. Raquel Dodge tamb\u00e9m \u00e9 chamada a cantar.<\/p>\n<p>No fim do v\u00eddeo, Alcione brinca: \u201cEstou desempregada!\u201d.<\/p>\n<p><strong>FolhaPress\/Foto: Reprodu\u00e7\u00e3o\u00a0<\/strong><\/p>\n<p><strong>Cariri Em A\u00e7\u00e3o<\/strong><\/p>\n<p>Leia mais not\u00edcias em\u00a0<a href=\"http:\/\/www.caririemacao.com\/\">caririemacao.com<\/a>, siga nossa p\u00e1gina no\u00a0<a href=\"https:\/\/www.facebook.com\/CaririEmAcao\/?ref=aymt_homepage_panel\">Facebook<\/a>,\u00a0<a href=\"https:\/\/www.instagram.com\/cariri_em_acao\/?hl=pt-br\">Instagram<\/a>\u00a0e\u00a0<a href=\"https:\/\/www.youtube.com\/channel\/UCAptA0jQuYQy8vMhLt2m4qg\">Youtube<\/a>\u00a0e veja nossas mat\u00e9rias, v\u00eddeos e fotos. Voc\u00ea tamb\u00e9m pode enviar informa\u00e7\u00f5es \u00e0 Reda\u00e7\u00e3o do Portal Cariri em A\u00e7\u00e3o pelo WhatsApp (83) 9 9634.5791, (83) 9 9601-1162.<\/p>\n","protected":false},"excerpt":{"rendered":"<p>De perfil austero e reservado, a presidente do Supremo Tribunal Federal, C\u00e1rmen L\u00facia, se permitiu aparecer em um momento de descontra\u00e7\u00e3o ao lado da cantora&hellip; <\/p>\n","protected":false},"author":1,"featured_media":36016,"comment_status":"closed","ping_status":"closed","sticky":false,"template":"","format":"standard","meta":{"sfsi_plus_gutenberg_text_before_share":"","sfsi_plus_gutenberg_show_text_before_share":"","sfsi_plus_gutenberg_icon_type":"","sfsi_plus_gutenberg_icon_alignemt":"","sfsi_plus_gutenburg_max_per_row":"","footnotes":""},"categories":[2],"tags":[],"class_list":["post-62271","post","type-post","status-publish","format-standard","has-post-thumbnail","hentry","category-geral"],"_links":{"self":[{"href":"https:\/\/www.caririemacao.com\/1\/wp-json\/wp\/v2\/posts\/62271","targetHints":{"allow":["GET"]}}],"collection":[{"href":"https:\/\/www.caririemacao.com\/1\/wp-json\/wp\/v2\/posts"}],"about":[{"href":"https:\/\/www.caririemacao.com\/1\/wp-json\/wp\/v2\/types\/post"}],"author":[{"embeddable":true,"href":"https:\/\/www.caririemacao.com\/1\/wp-json\/wp\/v2\/users\/1"}],"replies":[{"embeddable":true,"href":"https:\/\/www.caririemacao.com\/1\/wp-json\/wp\/v2\/comments?post=62271"}],"version-history":[{"count":1,"href":"https:\/\/www.caririemacao.com\/1\/wp-json\/wp\/v2\/posts\/62271\/revisions"}],"predecessor-version":[{"id":62283,"href":"https:\/\/www.caririemacao.com\/1\/wp-json\/wp\/v2\/posts\/62271\/revisions\/62283"}],"wp:featuredmedia":[{"embeddable":true,"href":"https:\/\/www.caririemacao.com\/1\/wp-json\/wp\/v2\/media\/36016"}],"wp:attachment":[{"href":"https:\/\/www.caririemacao.com\/1\/wp-json\/wp\/v2\/media?parent=62271"}],"wp:term":[{"taxonomy":"category","embeddable":true,"href":"https:\/\/www.caririemacao.com\/1\/wp-json\/wp\/v2\/categories?post=62271"},{"taxonomy":"post_tag","embeddable":true,"href":"https:\/\/www.caririemacao.com\/1\/wp-json\/wp\/v2\/tags?post=62271"}],"curies":[{"name":"wp","href":"https:\/\/api.w.org\/{rel}","templated":true}]}}