{"id":62286,"date":"2018-08-20T22:24:46","date_gmt":"2018-08-21T01:24:46","guid":{"rendered":"http:\/\/caririemacao.com\/1\/?p=62286"},"modified":"2018-08-20T22:24:46","modified_gmt":"2018-08-21T01:24:46","slug":"voto-em-transito-pode-ser-solicitado-ate-quinta","status":"publish","type":"post","link":"https:\/\/www.caririemacao.com\/1\/2018\/08\/20\/voto-em-transito-pode-ser-solicitado-ate-quinta\/","title":{"rendered":"Voto em tr\u00e2nsito pode ser solicitado at\u00e9 quinta"},"content":{"rendered":"<p>Os cidad\u00e3os brasileiros que pretendem votar fora do domic\u00edlio eleitoral nas elei\u00e7\u00f5es deste ano podem solicitar o voto em tr\u00e2nsito at\u00e9 quinta-feira (23).<\/p>\n<p>Para ter autoriza\u00e7\u00e3o para votar fora do domicilio eleitoral, \u00e9 necess\u00e1rio comparecer em qualquer cart\u00f3rio eleitoral com um documento de identifica\u00e7\u00e3o com foto e indicar o local onde deseja votar.<\/p>\n<p>Ao deixar o cart\u00f3rio, o eleitor j\u00e1 saber\u00e1 a zona e a se\u00e7\u00e3o em que dever\u00e1 comparecer para registrar o voto.<\/p>\n<p>Os eleitores que solicitarem o voto em tr\u00e2nsito n\u00e3o poder\u00e3o voltar atr\u00e1s. Quem estiver nessa condi\u00e7\u00e3o e tentar votar dentro do domic\u00edlio eleitoral ter\u00e1 que justificar a aus\u00eancia no pleito.<\/p>\n<p>Nas elei\u00e7\u00f5es deste ano, est\u00e3o habilitados a receber eleitores em tr\u00e2nsito todas as capitais brasileiras e os munic\u00edpios com mais de 100 mil eleitores.<\/p>\n<p><strong>Em quem poderei votar?<\/strong><\/p>\n<p>Os eleitores em viagem para fora do Estado ou unidade da Federa\u00e7\u00e3o na qual votam tradicionalmente poder\u00e3o escolher apenas o candidato presid\u00eancia da Rep\u00fablica ao solicitar o voto em tr\u00e2nsito.<\/p>\n<p>J\u00e1 aqueles que estiverem dentro do Estado ou unidade da Federa\u00e7\u00e3o, mas em cidade diferente da apresentada como domic\u00edlio eleitoral, ter\u00e3o o direito de votar para todos os cargos em disputa: presidente, governador, senador, deputado federal e deputado estadual.<\/p>\n<p><b>Quando ser\u00e1 a elei\u00e7\u00e3o?<\/b><\/p>\n<p>O primeiro turno das elei\u00e7\u00f5es deste ano acontece no dia 7 de outubro. Caso haja segundo turno, os eleitores voltam \u00e0s urnas no dia\u00a028 de outubro para votar novamente presidente e\/ou governador.<\/p>\n<p><em><strong>R7<\/strong><\/em><\/p>\n","protected":false},"excerpt":{"rendered":"<p>Os cidad\u00e3os brasileiros que pretendem votar fora do domic\u00edlio eleitoral nas elei\u00e7\u00f5es deste ano podem solicitar o voto em tr\u00e2nsito at\u00e9 quinta-feira (23). Para ter&hellip; <\/p>\n","protected":false},"author":1,"featured_media":34970,"comment_status":"closed","ping_status":"closed","sticky":false,"template":"","format":"standard","meta":{"sfsi_plus_gutenberg_text_before_share":"","sfsi_plus_gutenberg_show_text_before_share":"","sfsi_plus_gutenberg_icon_type":"","sfsi_plus_gutenberg_icon_alignemt":"","sfsi_plus_gutenburg_max_per_row":"","footnotes":""},"categories":[1],"tags":[],"class_list":["post-62286","post","type-post","status-publish","format-standard","has-post-thumbnail","hentry","category-o-site"],"_links":{"self":[{"href":"https:\/\/www.caririemacao.com\/1\/wp-json\/wp\/v2\/posts\/62286","targetHints":{"allow":["GET"]}}],"collection":[{"href":"https:\/\/www.caririemacao.com\/1\/wp-json\/wp\/v2\/posts"}],"about":[{"href":"https:\/\/www.caririemacao.com\/1\/wp-json\/wp\/v2\/types\/post"}],"author":[{"embeddable":true,"href":"https:\/\/www.caririemacao.com\/1\/wp-json\/wp\/v2\/users\/1"}],"replies":[{"embeddable":true,"href":"https:\/\/www.caririemacao.com\/1\/wp-json\/wp\/v2\/comments?post=62286"}],"version-history":[{"count":1,"href":"https:\/\/www.caririemacao.com\/1\/wp-json\/wp\/v2\/posts\/62286\/revisions"}],"predecessor-version":[{"id":62288,"href":"https:\/\/www.caririemacao.com\/1\/wp-json\/wp\/v2\/posts\/62286\/revisions\/62288"}],"wp:featuredmedia":[{"embeddable":true,"href":"https:\/\/www.caririemacao.com\/1\/wp-json\/wp\/v2\/media\/34970"}],"wp:attachment":[{"href":"https:\/\/www.caririemacao.com\/1\/wp-json\/wp\/v2\/media?parent=62286"}],"wp:term":[{"taxonomy":"category","embeddable":true,"href":"https:\/\/www.caririemacao.com\/1\/wp-json\/wp\/v2\/categories?post=62286"},{"taxonomy":"post_tag","embeddable":true,"href":"https:\/\/www.caririemacao.com\/1\/wp-json\/wp\/v2\/tags?post=62286"}],"curies":[{"name":"wp","href":"https:\/\/api.w.org\/{rel}","templated":true}]}}