{"id":62602,"date":"2018-08-22T22:06:04","date_gmt":"2018-08-23T01:06:04","guid":{"rendered":"http:\/\/caririemacao.com\/1\/?p=62602"},"modified":"2018-08-22T22:06:04","modified_gmt":"2018-08-23T01:06:04","slug":"resultado-preliminar-da-prova-de-capacidade-fisica-do-concurso-da-sedurb-esta-disponivel","status":"publish","type":"post","link":"https:\/\/www.caririemacao.com\/1\/2018\/08\/22\/resultado-preliminar-da-prova-de-capacidade-fisica-do-concurso-da-sedurb-esta-disponivel\/","title":{"rendered":"Resultado preliminar da Prova de Capacidade F\u00edsica do concurso da Sedurb est\u00e1 dispon\u00edvel"},"content":{"rendered":"<p>O resultado preliminar da Prova de Capacidade F\u00edsica (TAF) do concurso da Secretaria de Desenvolvimento Urbano (Sedurb) da Prefeitura Municipal de Jo\u00e3o Pessoa (PMJP) foi divulgado, na tarde desta quarta-feira (22), no site da empresa organizadora do certame, o Instituto Brasileiro de Apoio e Desenvolvimento Executivo (Ibade), e pode ser conferido\u00a0<strong><a href=\"https:\/\/joaopessoa.us13.list-manage.com\/track\/click?u=6b8230288b203511692924965&amp;id=821fbf4348&amp;e=a802e45752\" target=\"_blank\" rel=\"noopener\" data-saferedirecturl=\"https:\/\/www.google.com\/url?q=https:\/\/joaopessoa.us13.list-manage.com\/track\/click?u%3D6b8230288b203511692924965%26id%3D821fbf4348%26e%3Da802e45752&amp;source=gmail&amp;ust=1535052050352000&amp;usg=AFQjCNFv0bvT9qnJsqZvl76iSkJ6WXjTQQ\">aqui.<\/a><\/strong><\/p>\n<p>A Prova de Capacidade F\u00edsica (TAF), realizada no \u00faltimo domingo (19), foi a \u00faltima do concurso. Nesta quinta-feira (23), a partir das 8h, inicia o prazo para pedido de revis\u00e3o do resultado preliminar da prova. Os candidatos interessados em solicitar revis\u00e3o do resultado t\u00eam at\u00e9 as 18h desta sexta-feira (24) para dar entrada nos procedimentos. J\u00e1 no dia 31 est\u00e1 prevista a divulga\u00e7\u00e3o dos pedidos de revis\u00e3o, bem como o resultado final do concurso.<\/p>\n<p>No site da empresa organizadora, \u00e9 poss\u00edvel acompanhar o andamento do processo seletivo:\u00a0<a href=\"https:\/\/joaopessoa.us13.list-manage.com\/track\/click?u=6b8230288b203511692924965&amp;id=948c9dd5b8&amp;e=a802e45752\" target=\"_blank\" rel=\"noopener\" data-saferedirecturl=\"https:\/\/www.google.com\/url?q=https:\/\/joaopessoa.us13.list-manage.com\/track\/click?u%3D6b8230288b203511692924965%26id%3D948c9dd5b8%26e%3Da802e45752&amp;source=gmail&amp;ust=1535052050352000&amp;usg=AFQjCNGKT1M0QQ0dVf3HzMub1YFmJfadyg\">https:\/\/www.ibade.<wbr \/>org.br\/Concurso\/371\/Inicio<\/a><\/p>\n<p>As informa\u00e7\u00f5es gerais referentes ao Concurso P\u00fablico tamb\u00e9m podem ser obtidas por meio dos telefones (21) 3674-9190, (21) 3527-0583 \u2013 Rio de Janeiro, (83) 3022- 8656 \u2013 Para\u00edba ou pelo e-mail\u00a0<a href=\"mailto:atendimento@ibade.org.br\" target=\"_blank\" rel=\"noopener\">atendimento@ibade.org.br<\/a>\u00a0ou no Posto de Atendimento conforme o anexo III do edital de abertura do certame.<\/p>\n<p><strong>Concurso<\/strong><\/p>\n<p>O concurso da Sedurb contou com 4.281 candidatos inscritos, que est\u00e3o concorrendo a 70 vagas para o cargo de agente de controle urbano. Do total, quatro vagas s\u00e3o reservadas para pessoas com defici\u00eancia. O sal\u00e1rio inicial \u00e9 de R$ 1.238,37.<\/p>\n<p><strong>Blog do Gordinho\/Foto: Reprodu\u00e7\u00e3o\u00a0<\/strong><\/p>\n<p><strong>Cariri Em A\u00e7\u00e3o<\/strong><\/p>\n<p>Leia mais not\u00edcias em\u00a0<a href=\"http:\/\/www.caririemacao.com\/\">caririemacao.com<\/a>, siga nossa p\u00e1gina no\u00a0<a href=\"https:\/\/www.facebook.com\/CaririEmAcao\/?ref=aymt_homepage_panel\">Facebook<\/a>,\u00a0<a href=\"https:\/\/www.instagram.com\/cariri_em_acao\/?hl=pt-br\">Instagram<\/a>\u00a0e\u00a0<a href=\"https:\/\/www.youtube.com\/channel\/UCAptA0jQuYQy8vMhLt2m4qg\">Youtube<\/a>\u00a0e veja nossas mat\u00e9rias, v\u00eddeos e fotos. Voc\u00ea tamb\u00e9m pode enviar informa\u00e7\u00f5es \u00e0 Reda\u00e7\u00e3o do Portal Cariri em A\u00e7\u00e3o pelo WhatsApp (83) 9 9634.5791, (83) 9 9601-1162.<\/p>\n","protected":false},"excerpt":{"rendered":"<p>O resultado preliminar da Prova de Capacidade F\u00edsica (TAF) do concurso da Secretaria de Desenvolvimento Urbano (Sedurb) da Prefeitura Municipal de Jo\u00e3o Pessoa (PMJP) foi&hellip; <\/p>\n","protected":false},"author":1,"featured_media":13858,"comment_status":"closed","ping_status":"closed","sticky":false,"template":"","format":"standard","meta":{"sfsi_plus_gutenberg_text_before_share":"","sfsi_plus_gutenberg_show_text_before_share":"","sfsi_plus_gutenberg_icon_type":"","sfsi_plus_gutenberg_icon_alignemt":"","sfsi_plus_gutenburg_max_per_row":"","footnotes":""},"categories":[2],"tags":[],"class_list":["post-62602","post","type-post","status-publish","format-standard","has-post-thumbnail","hentry","category-geral"],"_links":{"self":[{"href":"https:\/\/www.caririemacao.com\/1\/wp-json\/wp\/v2\/posts\/62602","targetHints":{"allow":["GET"]}}],"collection":[{"href":"https:\/\/www.caririemacao.com\/1\/wp-json\/wp\/v2\/posts"}],"about":[{"href":"https:\/\/www.caririemacao.com\/1\/wp-json\/wp\/v2\/types\/post"}],"author":[{"embeddable":true,"href":"https:\/\/www.caririemacao.com\/1\/wp-json\/wp\/v2\/users\/1"}],"replies":[{"embeddable":true,"href":"https:\/\/www.caririemacao.com\/1\/wp-json\/wp\/v2\/comments?post=62602"}],"version-history":[{"count":1,"href":"https:\/\/www.caririemacao.com\/1\/wp-json\/wp\/v2\/posts\/62602\/revisions"}],"predecessor-version":[{"id":62603,"href":"https:\/\/www.caririemacao.com\/1\/wp-json\/wp\/v2\/posts\/62602\/revisions\/62603"}],"wp:featuredmedia":[{"embeddable":true,"href":"https:\/\/www.caririemacao.com\/1\/wp-json\/wp\/v2\/media\/13858"}],"wp:attachment":[{"href":"https:\/\/www.caririemacao.com\/1\/wp-json\/wp\/v2\/media?parent=62602"}],"wp:term":[{"taxonomy":"category","embeddable":true,"href":"https:\/\/www.caririemacao.com\/1\/wp-json\/wp\/v2\/categories?post=62602"},{"taxonomy":"post_tag","embeddable":true,"href":"https:\/\/www.caririemacao.com\/1\/wp-json\/wp\/v2\/tags?post=62602"}],"curies":[{"name":"wp","href":"https:\/\/api.w.org\/{rel}","templated":true}]}}