{"id":62999,"date":"2018-08-25T15:50:21","date_gmt":"2018-08-25T18:50:21","guid":{"rendered":"http:\/\/www.caririemacao.com\/1\/?p=62999"},"modified":"2018-08-25T15:50:21","modified_gmt":"2018-08-25T18:50:21","slug":"anvisa-contraindica-uso-de-vacina-para-quem-nunca-teve-a-dengue","status":"publish","type":"post","link":"https:\/\/www.caririemacao.com\/1\/2018\/08\/25\/anvisa-contraindica-uso-de-vacina-para-quem-nunca-teve-a-dengue\/","title":{"rendered":"Anvisa contraindica uso de vacina para quem nunca teve a dengue"},"content":{"rendered":"<p>A vacina contra a dengue, chamada de\u00a0Dengvaxia,\u00a0aumenta o risco de hospitaliza\u00e7\u00e3o ou de dengue grave das pessoas que nunca tiveram contato com o v\u00edrus, quando infectados pela primeira vez. Por outro lado, sua efici\u00eancia \u00e9 maior quando aplicada em pessoas que j\u00e1 apresentaram algum subtipo da doen\u00e7a.<\/p>\n<div id=\"attachment_79638\" class=\"wp-caption aligncenter\"><img decoding=\"async\" class=\"wp-image-79638 size-full lazyload\" data-src=\"https:\/\/paraibaonline.com.br\/wp-content\/uploads\/2016\/06\/vacina-1.jpg\" data-srcset=\"https:\/\/paraibaonline.com.br\/wp-content\/uploads\/2016\/06\/vacina-1.jpg 800w, https:\/\/paraibaonline.com.br\/wp-content\/uploads\/2016\/06\/vacina-1-556x417.jpg 556w\" alt=\"\" src=\"data:image\/svg+xml;base64,PHN2ZyB3aWR0aD0iMSIgaGVpZ2h0PSIxIiB4bWxucz0iaHR0cDovL3d3dy53My5vcmcvMjAwMC9zdmciPjwvc3ZnPg==\" \/><\/p>\n<p class=\"wp-caption-text\">Foto: Ascom<\/p>\n<\/div>\n<p>Essas constata\u00e7\u00f5es, obtidas ap\u00f3s cinco anos de monitoramento, levaram a Ag\u00eancia Nacional de Vigil\u00e2ncia Sanit\u00e1ria (Anvisa) a anunciar a altera\u00e7\u00e3o na bula da vacina.<\/p>\n<p>Foram feitas tr\u00eas altera\u00e7\u00f5es na bula da vacina Dengvaxia. A primeira, no sentido de restringir o uso para \u201cindiv\u00edduos soropositivos\u201d, referindo-se \u00e0queles que j\u00e1 tiveram dengue e moram em \u00e1reas end\u00eamicas.<\/p>\n<p>A\u00a0segunda\u00a0altera\u00e7\u00e3o inclui, no texto, uma defini\u00e7\u00e3o mais clara para o que \u00e9 considerado \u201c\u00e1rea end\u00eamica\u201d: aquelas onde pelo menos 70% das pessoas ou ou mais j\u00e1 tiveram contato com o v\u00edrus.<\/p>\n<p>Por fim, inclui a contraindica\u00e7\u00e3o de uso da vacina para indiv\u00edduos que nunca tiveram dengue (soronegativos).<\/p>\n<p>\u201cPara a aprova\u00e7\u00e3o destas altera\u00e7\u00f5es, a Anvisa considerou que a vacina \u00e9 comprovadamente eficaz na preven\u00e7\u00e3o de um novo epis\u00f3dio de dengue para pessoas que j\u00e1 tiveram alguma forma da doen\u00e7a. Outro fator decisivo \u00e9 o fato da Dengvaxia ser a \u00fanica vacina para dengue aprovada no Brasil, que sazonalmente sofre com epidemias da doen\u00e7a\u201d, informou a Anvisa por meio de nota, ao afirmar que essas altera\u00e7\u00f5es est\u00e3o de acordo com recomenda\u00e7\u00f5es feitas pela Organiza\u00e7\u00e3o Mundial de Sa\u00fade (OMS).<\/p>\n","protected":false},"excerpt":{"rendered":"<p>A vacina contra a dengue, chamada de\u00a0Dengvaxia,\u00a0aumenta o risco de hospitaliza\u00e7\u00e3o ou de dengue grave das pessoas que nunca tiveram contato com o v\u00edrus, quando&hellip; <\/p>\n","protected":false},"author":2,"featured_media":63000,"comment_status":"closed","ping_status":"closed","sticky":false,"template":"","format":"standard","meta":{"sfsi_plus_gutenberg_text_before_share":"","sfsi_plus_gutenberg_show_text_before_share":"","sfsi_plus_gutenberg_icon_type":"","sfsi_plus_gutenberg_icon_alignemt":"","sfsi_plus_gutenburg_max_per_row":"","footnotes":""},"categories":[16],"tags":[],"class_list":["post-62999","post","type-post","status-publish","format-standard","has-post-thumbnail","hentry","category-saude"],"_links":{"self":[{"href":"https:\/\/www.caririemacao.com\/1\/wp-json\/wp\/v2\/posts\/62999","targetHints":{"allow":["GET"]}}],"collection":[{"href":"https:\/\/www.caririemacao.com\/1\/wp-json\/wp\/v2\/posts"}],"about":[{"href":"https:\/\/www.caririemacao.com\/1\/wp-json\/wp\/v2\/types\/post"}],"author":[{"embeddable":true,"href":"https:\/\/www.caririemacao.com\/1\/wp-json\/wp\/v2\/users\/2"}],"replies":[{"embeddable":true,"href":"https:\/\/www.caririemacao.com\/1\/wp-json\/wp\/v2\/comments?post=62999"}],"version-history":[{"count":1,"href":"https:\/\/www.caririemacao.com\/1\/wp-json\/wp\/v2\/posts\/62999\/revisions"}],"predecessor-version":[{"id":63001,"href":"https:\/\/www.caririemacao.com\/1\/wp-json\/wp\/v2\/posts\/62999\/revisions\/63001"}],"wp:featuredmedia":[{"embeddable":true,"href":"https:\/\/www.caririemacao.com\/1\/wp-json\/wp\/v2\/media\/63000"}],"wp:attachment":[{"href":"https:\/\/www.caririemacao.com\/1\/wp-json\/wp\/v2\/media?parent=62999"}],"wp:term":[{"taxonomy":"category","embeddable":true,"href":"https:\/\/www.caririemacao.com\/1\/wp-json\/wp\/v2\/categories?post=62999"},{"taxonomy":"post_tag","embeddable":true,"href":"https:\/\/www.caririemacao.com\/1\/wp-json\/wp\/v2\/tags?post=62999"}],"curies":[{"name":"wp","href":"https:\/\/api.w.org\/{rel}","templated":true}]}}