{"id":63002,"date":"2018-08-25T15:55:37","date_gmt":"2018-08-25T18:55:37","guid":{"rendered":"http:\/\/www.caririemacao.com\/1\/?p=63002"},"modified":"2018-08-25T16:12:06","modified_gmt":"2018-08-25T19:12:06","slug":"organizada-do-corinthians-se-reune-com-jogadores-e-presidente-andres-sanchez","status":"publish","type":"post","link":"https:\/\/www.caririemacao.com\/1\/2018\/08\/25\/organizada-do-corinthians-se-reune-com-jogadores-e-presidente-andres-sanchez\/","title":{"rendered":"Organizada do Corinthians se re\u00fane com jogadores e presidente Andr\u00e9s Sanchez"},"content":{"rendered":"<div class=\"mc-column content-text active-extra-styles active-capital-letter\" data-block-type=\"unstyled\" data-block-weight=\"44\" data-block-id=\"1\">\n<p class=\"content-text__container theme-color-primary-first-letter\" data-track-category=\"Link no Texto\" data-track-links=\"\">Integrantes da torcida organizada Gavi\u00f5es da Fiel se reuniram com jogadores do Corinthians na manh\u00e3 deste s\u00e1bado, no CT Joaquim Grava, onde o time se prepara para o duelo diante do Paran\u00e1, nesta noite. A informa\u00e7\u00e3o foi divulgada e confirmada.<\/p>\n<\/div>\n<div class=\"wall\">\n<div class=\"mc-column content-text active-extra-styles \" data-block-type=\"unstyled\" data-block-weight=\"39\" data-block-id=\"2\">\n<p class=\"content-text__container \" data-track-category=\"Link no Texto\" data-track-links=\"\">O presidente Andr\u00e9s Sanchez, que liberou a entrada de sete torcedores, tamb\u00e9m participou da conversa. O tom da cobran\u00e7a por melhores resultados da equipe em campo foi pac\u00edfico. O Corinthians j\u00e1 n\u00e3o vence no Campeonato Brasileiro h\u00e1 quatro jogos.<\/p>\n<\/div>\n<div class=\"mc-column content-media content-media--normal content-photo\" data-block-type=\"backstage-photo\" data-block-id=\"4\">\n<div class=\"content-media__container\">\n<div class=\"content-media__image-centered\">\n<div class=\"progressive-img can-open-lightbox\" data-min-size=\"1008x491\" data-min-size-url=\"https:\/\/s2.glbimg.com\/BoGMmtetZh6Vsln_opqsyMyyHcE=\/0x0:615x300\/1008x0\/smart\/filters:strip_icc()\/i.s3.glbimg.com\/v1\/AUTH_bc8228b6673f488aa253bbcb03c80ec5\/internal_photos\/bs\/2018\/e\/t\/k2tk8kQeSzEAX4VdAhBA\/grupo-de-torcedores-do-corinthians-vai-ao-ct-falar-com-jogadores-1535211918442-615x300.jpg\" data-max-size=\"1600x780\" data-max-size-url=\"https:\/\/s2.glbimg.com\/iET_Fbs7hRBOt0ZZ1UP7SHuweZk=\/0x0:615x300\/1600x0\/smart\/filters:strip_icc()\/i.s3.glbimg.com\/v1\/AUTH_bc8228b6673f488aa253bbcb03c80ec5\/internal_photos\/bs\/2018\/e\/t\/k2tk8kQeSzEAX4VdAhBA\/grupo-de-torcedores-do-corinthians-vai-ao-ct-falar-com-jogadores-1535211918442-615x300.jpg\" data-media-index=\"0\">\n<div class=\"placeholder-container\"><\/div>\n<picture><source srcset=\"https:\/\/s2.glbimg.com\/DWu_yXlhiGHuwsPiOw08odsyUWk=\/0x0:615x300\/600x0\/smart\/filters:strip_icc()\/i.s3.glbimg.com\/v1\/AUTH_bc8228b6673f488aa253bbcb03c80ec5\/internal_photos\/bs\/2018\/e\/t\/k2tk8kQeSzEAX4VdAhBA\/grupo-de-torcedores-do-corinthians-vai-ao-ct-falar-com-jogadores-1535211918442-615x300.jpg 1x, https:\/\/s2.glbimg.com\/rdhTXZZ_8xOfoX20keMVCMb9RN8=\/0x0:615x300\/1200x0\/smart\/filters:strip_icc()\/i.s3.glbimg.com\/v1\/AUTH_bc8228b6673f488aa253bbcb03c80ec5\/internal_photos\/bs\/2018\/e\/t\/k2tk8kQeSzEAX4VdAhBA\/grupo-de-torcedores-do-corinthians-vai-ao-ct-falar-com-jogadores-1535211918442-615x300.jpg 2x\" media=\"(max-width: 1024px)\" data-src=\"https:\/\/s2.glbimg.com\/DWu_yXlhiGHuwsPiOw08odsyUWk=\/0x0:615x300\/600x0\/smart\/filters:strip_icc()\/i.s3.glbimg.com\/v1\/AUTH_bc8228b6673f488aa253bbcb03c80ec5\/internal_photos\/bs\/2018\/e\/t\/k2tk8kQeSzEAX4VdAhBA\/grupo-de-torcedores-do-corinthians-vai-ao-ct-falar-com-jogadores-1535211918442-615x300.jpg 1x, https:\/\/s2.glbimg.com\/rdhTXZZ_8xOfoX20keMVCMb9RN8=\/0x0:615x300\/1200x0\/smart\/filters:strip_icc()\/i.s3.glbimg.com\/v1\/AUTH_bc8228b6673f488aa253bbcb03c80ec5\/internal_photos\/bs\/2018\/e\/t\/k2tk8kQeSzEAX4VdAhBA\/grupo-de-torcedores-do-corinthians-vai-ao-ct-falar-com-jogadores-1535211918442-615x300.jpg 2x\" \/><source srcset=\"https:\/\/s2.glbimg.com\/R0X2fjBQw1MtZib0YWFhPiZSJxc=\/0x0:615x300\/640x0\/smart\/filters:strip_icc()\/i.s3.glbimg.com\/v1\/AUTH_bc8228b6673f488aa253bbcb03c80ec5\/internal_photos\/bs\/2018\/e\/t\/k2tk8kQeSzEAX4VdAhBA\/grupo-de-torcedores-do-corinthians-vai-ao-ct-falar-com-jogadores-1535211918442-615x300.jpg 1x, https:\/\/s2.glbimg.com\/KyIgvhzbxYrSyZgFn-FKbMfPQ5Q=\/0x0:615x300\/1280x0\/smart\/filters:strip_icc()\/i.s3.glbimg.com\/v1\/AUTH_bc8228b6673f488aa253bbcb03c80ec5\/internal_photos\/bs\/2018\/e\/t\/k2tk8kQeSzEAX4VdAhBA\/grupo-de-torcedores-do-corinthians-vai-ao-ct-falar-com-jogadores-1535211918442-615x300.jpg 2x\" media=\"(max-width: 1280px)\" data-src=\"https:\/\/s2.glbimg.com\/R0X2fjBQw1MtZib0YWFhPiZSJxc=\/0x0:615x300\/640x0\/smart\/filters:strip_icc()\/i.s3.glbimg.com\/v1\/AUTH_bc8228b6673f488aa253bbcb03c80ec5\/internal_photos\/bs\/2018\/e\/t\/k2tk8kQeSzEAX4VdAhBA\/grupo-de-torcedores-do-corinthians-vai-ao-ct-falar-com-jogadores-1535211918442-615x300.jpg 1x, https:\/\/s2.glbimg.com\/KyIgvhzbxYrSyZgFn-FKbMfPQ5Q=\/0x0:615x300\/1280x0\/smart\/filters:strip_icc()\/i.s3.glbimg.com\/v1\/AUTH_bc8228b6673f488aa253bbcb03c80ec5\/internal_photos\/bs\/2018\/e\/t\/k2tk8kQeSzEAX4VdAhBA\/grupo-de-torcedores-do-corinthians-vai-ao-ct-falar-com-jogadores-1535211918442-615x300.jpg 2x\" \/><source srcset=\"https:\/\/s2.glbimg.com\/vvdGwEzyV5LkSQyXiOir8ulRHXg=\/0x0:615x300\/984x0\/smart\/filters:strip_icc()\/i.s3.glbimg.com\/v1\/AUTH_bc8228b6673f488aa253bbcb03c80ec5\/internal_photos\/bs\/2018\/e\/t\/k2tk8kQeSzEAX4VdAhBA\/grupo-de-torcedores-do-corinthians-vai-ao-ct-falar-com-jogadores-1535211918442-615x300.jpg 1x, https:\/\/s2.glbimg.com\/g8RxQ_TxU9zGCZ8W4o3-UOGVHFA=\/0x0:615x300\/1968x0\/smart\/filters:strip_icc()\/i.s3.glbimg.com\/v1\/AUTH_bc8228b6673f488aa253bbcb03c80ec5\/internal_photos\/bs\/2018\/e\/t\/k2tk8kQeSzEAX4VdAhBA\/grupo-de-torcedores-do-corinthians-vai-ao-ct-falar-com-jogadores-1535211918442-615x300.jpg 2x\" media=\"(max-width: 1360px)\" data-src=\"https:\/\/s2.glbimg.com\/vvdGwEzyV5LkSQyXiOir8ulRHXg=\/0x0:615x300\/984x0\/smart\/filters:strip_icc()\/i.s3.glbimg.com\/v1\/AUTH_bc8228b6673f488aa253bbcb03c80ec5\/internal_photos\/bs\/2018\/e\/t\/k2tk8kQeSzEAX4VdAhBA\/grupo-de-torcedores-do-corinthians-vai-ao-ct-falar-com-jogadores-1535211918442-615x300.jpg 1x, https:\/\/s2.glbimg.com\/g8RxQ_TxU9zGCZ8W4o3-UOGVHFA=\/0x0:615x300\/1968x0\/smart\/filters:strip_icc()\/i.s3.glbimg.com\/v1\/AUTH_bc8228b6673f488aa253bbcb03c80ec5\/internal_photos\/bs\/2018\/e\/t\/k2tk8kQeSzEAX4VdAhBA\/grupo-de-torcedores-do-corinthians-vai-ao-ct-falar-com-jogadores-1535211918442-615x300.jpg 2x\" \/><source srcset=\"https:\/\/s2.glbimg.com\/6AaGZuJ1WkS1fPgVkSIwCrQ-FK8=\/0x0:615x300\/1000x0\/smart\/filters:strip_icc()\/i.s3.glbimg.com\/v1\/AUTH_bc8228b6673f488aa253bbcb03c80ec5\/internal_photos\/bs\/2018\/e\/t\/k2tk8kQeSzEAX4VdAhBA\/grupo-de-torcedores-do-corinthians-vai-ao-ct-falar-com-jogadores-1535211918442-615x300.jpg 1x, https:\/\/s2.glbimg.com\/ppD47wLE2hbJii1qTbChMUjxEL8=\/0x0:615x300\/2000x0\/smart\/filters:strip_icc()\/i.s3.glbimg.com\/v1\/AUTH_bc8228b6673f488aa253bbcb03c80ec5\/internal_photos\/bs\/2018\/e\/t\/k2tk8kQeSzEAX4VdAhBA\/grupo-de-torcedores-do-corinthians-vai-ao-ct-falar-com-jogadores-1535211918442-615x300.jpg 2x\" media=\"(min-width: 1361px)\" data-src=\"https:\/\/s2.glbimg.com\/6AaGZuJ1WkS1fPgVkSIwCrQ-FK8=\/0x0:615x300\/1000x0\/smart\/filters:strip_icc()\/i.s3.glbimg.com\/v1\/AUTH_bc8228b6673f488aa253bbcb03c80ec5\/internal_photos\/bs\/2018\/e\/t\/k2tk8kQeSzEAX4VdAhBA\/grupo-de-torcedores-do-corinthians-vai-ao-ct-falar-com-jogadores-1535211918442-615x300.jpg 1x, https:\/\/s2.glbimg.com\/ppD47wLE2hbJii1qTbChMUjxEL8=\/0x0:615x300\/2000x0\/smart\/filters:strip_icc()\/i.s3.glbimg.com\/v1\/AUTH_bc8228b6673f488aa253bbcb03c80ec5\/internal_photos\/bs\/2018\/e\/t\/k2tk8kQeSzEAX4VdAhBA\/grupo-de-torcedores-do-corinthians-vai-ao-ct-falar-com-jogadores-1535211918442-615x300.jpg 2x\" \/><source srcset=\"https:\/\/s2.glbimg.com\/vvdGwEzyV5LkSQyXiOir8ulRHXg=\/0x0:615x300\/984x0\/smart\/filters:strip_icc()\/i.s3.glbimg.com\/v1\/AUTH_bc8228b6673f488aa253bbcb03c80ec5\/internal_photos\/bs\/2018\/e\/t\/k2tk8kQeSzEAX4VdAhBA\/grupo-de-torcedores-do-corinthians-vai-ao-ct-falar-com-jogadores-1535211918442-615x300.jpg\" data-src=\"https:\/\/s2.glbimg.com\/vvdGwEzyV5LkSQyXiOir8ulRHXg=\/0x0:615x300\/984x0\/smart\/filters:strip_icc()\/i.s3.glbimg.com\/v1\/AUTH_bc8228b6673f488aa253bbcb03c80ec5\/internal_photos\/bs\/2018\/e\/t\/k2tk8kQeSzEAX4VdAhBA\/grupo-de-torcedores-do-corinthians-vai-ao-ct-falar-com-jogadores-1535211918442-615x300.jpg\" \/><img decoding=\"async\" class=\"image content-media__image progressive-loaded\" title=\"Membros da organizada Gavi\u00f5es da Fiel se re\u00fanem com jogadores do Corinthians (Foto: Reprodu\u00e7\u00e3o)\" src=\"https:\/\/s2.glbimg.com\/vvdGwEzyV5LkSQyXiOir8ulRHXg=\/0x0:615x300\/984x0\/smart\/filters:strip_icc()\/i.s3.glbimg.com\/v1\/AUTH_bc8228b6673f488aa253bbcb03c80ec5\/internal_photos\/bs\/2018\/e\/t\/k2tk8kQeSzEAX4VdAhBA\/grupo-de-torcedores-do-corinthians-vai-ao-ct-falar-com-jogadores-1535211918442-615x300.jpg\" alt=\"Membros da organizada Gavi\u00f5es da Fiel se re\u00fanem com jogadores do Corinthians (Foto: Reprodu\u00e7\u00e3o)\" data-src=\"https:\/\/s2.glbimg.com\/vvdGwEzyV5LkSQyXiOir8ulRHXg=\/0x0:615x300\/984x0\/smart\/filters:strip_icc()\/i.s3.glbimg.com\/v1\/AUTH_bc8228b6673f488aa253bbcb03c80ec5\/internal_photos\/bs\/2018\/e\/t\/k2tk8kQeSzEAX4VdAhBA\/grupo-de-torcedores-do-corinthians-vai-ao-ct-falar-com-jogadores-1535211918442-615x300.jpg\" \/><\/picture>\n<\/div>\n<\/div>\n<\/div>\n<\/div>\n<div class=\"mc-column content-text active-extra-styles \" data-block-type=\"unstyled\" data-block-weight=\"33\" data-block-id=\"5\">\n<p class=\"content-text__container \" data-track-category=\"Link no Texto\" data-track-links=\"\">O encontro aconteceu exatamente um m\u00eas depois da\u00a0\u00faltima reuni\u00e3o entre diretoria e organizada. Naquela ocasi\u00e3o, os membros da Gavi\u00f5es da Fiel exigiam um pronunciamento p\u00fablico de Andr\u00e9s sobre o momento do clube.<\/p>\n<\/div>\n<div class=\"mc-column content-text active-extra-styles \" data-block-type=\"unstyled\" data-block-weight=\"26\" data-block-id=\"6\">\n<p class=\"content-text__container \" data-track-category=\"Link no Texto\" data-track-links=\"\">No dia seguinte \u00e0 cobran\u00e7a, o presidente e o diretor de marketing Lu\u00eds Paulo Rosenberg concederam entrevista coletiva, mas o discurso n\u00e3o agradou parte dos torcedores.<\/p>\n<\/div>\n<\/div>\n<div data-track-category=\"fim do conteudo\" data-track-action=\"ultimo chunk conteudo\" data-track-noninteraction=\"false\" data-track-scroll=\"entrada completa viewport\">\n<div class=\"mc-column content-text active-extra-styles \" data-block-type=\"unstyled\" data-block-weight=\"35\" data-block-id=\"7\">\n<p class=\"content-text__container \" data-track-category=\"Link no Texto\" data-track-links=\"\">Apesar da reuni\u00e3o deste s\u00e1bado, os membros da organizada prometeram apoio ao time no duelo contra o Paran\u00e1, pela 21\u00aa rodada do Brasileir\u00e3o, e no jogo da pr\u00f3xima quarta-feira, pelas oitavas de final da Libertadores.<\/p>\n<p data-track-category=\"Link no Texto\" data-track-links=\"\"><strong>Globo Esporte<\/strong><\/p>\n<\/div>\n<\/div>\n","protected":false},"excerpt":{"rendered":"<p>Integrantes da torcida organizada Gavi\u00f5es da Fiel se reuniram com jogadores do Corinthians na manh\u00e3 deste s\u00e1bado, no CT Joaquim Grava, onde o time se&hellip; <\/p>\n","protected":false},"author":2,"featured_media":42233,"comment_status":"closed","ping_status":"closed","sticky":false,"template":"","format":"standard","meta":{"sfsi_plus_gutenberg_text_before_share":"","sfsi_plus_gutenberg_show_text_before_share":"","sfsi_plus_gutenberg_icon_type":"","sfsi_plus_gutenberg_icon_alignemt":"","sfsi_plus_gutenburg_max_per_row":"","footnotes":""},"categories":[13],"tags":[],"class_list":["post-63002","post","type-post","status-publish","format-standard","has-post-thumbnail","hentry","category-esportes"],"_links":{"self":[{"href":"https:\/\/www.caririemacao.com\/1\/wp-json\/wp\/v2\/posts\/63002","targetHints":{"allow":["GET"]}}],"collection":[{"href":"https:\/\/www.caririemacao.com\/1\/wp-json\/wp\/v2\/posts"}],"about":[{"href":"https:\/\/www.caririemacao.com\/1\/wp-json\/wp\/v2\/types\/post"}],"author":[{"embeddable":true,"href":"https:\/\/www.caririemacao.com\/1\/wp-json\/wp\/v2\/users\/2"}],"replies":[{"embeddable":true,"href":"https:\/\/www.caririemacao.com\/1\/wp-json\/wp\/v2\/comments?post=63002"}],"version-history":[{"count":2,"href":"https:\/\/www.caririemacao.com\/1\/wp-json\/wp\/v2\/posts\/63002\/revisions"}],"predecessor-version":[{"id":63005,"href":"https:\/\/www.caririemacao.com\/1\/wp-json\/wp\/v2\/posts\/63002\/revisions\/63005"}],"wp:featuredmedia":[{"embeddable":true,"href":"https:\/\/www.caririemacao.com\/1\/wp-json\/wp\/v2\/media\/42233"}],"wp:attachment":[{"href":"https:\/\/www.caririemacao.com\/1\/wp-json\/wp\/v2\/media?parent=63002"}],"wp:term":[{"taxonomy":"category","embeddable":true,"href":"https:\/\/www.caririemacao.com\/1\/wp-json\/wp\/v2\/categories?post=63002"},{"taxonomy":"post_tag","embeddable":true,"href":"https:\/\/www.caririemacao.com\/1\/wp-json\/wp\/v2\/tags?post=63002"}],"curies":[{"name":"wp","href":"https:\/\/api.w.org\/{rel}","templated":true}]}}