{"id":63006,"date":"2018-08-25T16:29:53","date_gmt":"2018-08-25T19:29:53","guid":{"rendered":"http:\/\/www.caririemacao.com\/1\/?p=63006"},"modified":"2018-08-25T16:29:53","modified_gmt":"2018-08-25T19:29:53","slug":"estudantes-cobram-mais-seguranca-e-reitoria-da-ufpb-anuncia-medidas-para-combater-violencia","status":"publish","type":"post","link":"https:\/\/www.caririemacao.com\/1\/2018\/08\/25\/estudantes-cobram-mais-seguranca-e-reitoria-da-ufpb-anuncia-medidas-para-combater-violencia\/","title":{"rendered":"Estudantes cobram mais seguran\u00e7a e Reitoria da UFPB anuncia medidas para combater viol\u00eancia"},"content":{"rendered":"<p>Diante da s\u00e9rie de den\u00fancias de falta de seguran\u00e7a e viol\u00eancia dentro da UFPB feita pelos alunos da institui\u00e7\u00e3o, a Reitoria anunciou uma pauta extensa de provid\u00eancias a serem tomadas. Entre elas, est\u00e1 o aumento das rondas policiais com a ado\u00e7\u00e3o de vigil\u00e2ncia permanente da Pol\u00edcia Militar da regi\u00e3o.\u00a0Os estudantes tamb\u00e9m querem a\u00a0instala\u00e7\u00e3o de c\u00e2meras com monitoramento e o controle de entrada e sa\u00edda de pessoas na unidade acad\u00eamica.<\/p>\n<p>A constru\u00e7\u00e3o de uma guarita em frente ao novo acesso de pedestres, na rua Professor Jos\u00e9 Maria Barbosa Gomes \u00e9 outra medida que j\u00e1 est\u00e1 sendo implementada. A vigil\u00e2ncia, segundo a reitora Margareth Diniz, ser\u00e1 constante nesse local, de onde o seguran\u00e7a de plant\u00e3o poder\u00e1 acompanhar o trajeto do estudante vindo da parada de \u00f4nibus at\u00e9 a chegada na UFPB e vice-versa.<\/p>\n<p>Essa nova entrada para pedestres tamb\u00e9m foi viabilizada em atendimento \u00e0s solicita\u00e7\u00f5es dos alunos, que estavam vulner\u00e1veis \u00e0 a\u00e7\u00e3o de bandidos no trajeto do ponto de \u00f4nibus at\u00e9 o port\u00e3o principal de acesso na avenida dos Escoteiros.<\/p>\n<p>Com o aumento das notifica\u00e7\u00f5es de assaltos nos campi da UFPB, um grupo de whatsapp foi criado pela administra\u00e7\u00e3o superior para receber den\u00fancias de v\u00edtimas de viol\u00eancia ou para informar sobre pessoas com comportamento suspeito. O n\u00famero, que permite linha direta com a pol\u00edcia, \u00e9 o (83) 8172-2837.<\/p>\n<p><strong>ClinkPB<\/strong><\/p>\n","protected":false},"excerpt":{"rendered":"<p>Diante da s\u00e9rie de den\u00fancias de falta de seguran\u00e7a e viol\u00eancia dentro da UFPB feita pelos alunos da institui\u00e7\u00e3o, a Reitoria anunciou uma pauta extensa&hellip; <\/p>\n","protected":false},"author":2,"featured_media":63007,"comment_status":"closed","ping_status":"closed","sticky":false,"template":"","format":"standard","meta":{"sfsi_plus_gutenberg_text_before_share":"","sfsi_plus_gutenberg_show_text_before_share":"","sfsi_plus_gutenberg_icon_type":"","sfsi_plus_gutenberg_icon_alignemt":"","sfsi_plus_gutenburg_max_per_row":"","footnotes":""},"categories":[12],"tags":[],"class_list":["post-63006","post","type-post","status-publish","format-standard","has-post-thumbnail","hentry","category-policia"],"_links":{"self":[{"href":"https:\/\/www.caririemacao.com\/1\/wp-json\/wp\/v2\/posts\/63006","targetHints":{"allow":["GET"]}}],"collection":[{"href":"https:\/\/www.caririemacao.com\/1\/wp-json\/wp\/v2\/posts"}],"about":[{"href":"https:\/\/www.caririemacao.com\/1\/wp-json\/wp\/v2\/types\/post"}],"author":[{"embeddable":true,"href":"https:\/\/www.caririemacao.com\/1\/wp-json\/wp\/v2\/users\/2"}],"replies":[{"embeddable":true,"href":"https:\/\/www.caririemacao.com\/1\/wp-json\/wp\/v2\/comments?post=63006"}],"version-history":[{"count":1,"href":"https:\/\/www.caririemacao.com\/1\/wp-json\/wp\/v2\/posts\/63006\/revisions"}],"predecessor-version":[{"id":63008,"href":"https:\/\/www.caririemacao.com\/1\/wp-json\/wp\/v2\/posts\/63006\/revisions\/63008"}],"wp:featuredmedia":[{"embeddable":true,"href":"https:\/\/www.caririemacao.com\/1\/wp-json\/wp\/v2\/media\/63007"}],"wp:attachment":[{"href":"https:\/\/www.caririemacao.com\/1\/wp-json\/wp\/v2\/media?parent=63006"}],"wp:term":[{"taxonomy":"category","embeddable":true,"href":"https:\/\/www.caririemacao.com\/1\/wp-json\/wp\/v2\/categories?post=63006"},{"taxonomy":"post_tag","embeddable":true,"href":"https:\/\/www.caririemacao.com\/1\/wp-json\/wp\/v2\/tags?post=63006"}],"curies":[{"name":"wp","href":"https:\/\/api.w.org\/{rel}","templated":true}]}}