{"id":63586,"date":"2018-08-31T11:36:41","date_gmt":"2018-08-31T14:36:41","guid":{"rendered":"http:\/\/www.caririemacao.com\/1\/?p=63586"},"modified":"2018-08-31T11:36:41","modified_gmt":"2018-08-31T14:36:41","slug":"vacinacao-termina-hoje-em-todo-o-pais-mas-volta-amanha-onde-meta-nao-foi-atingida","status":"publish","type":"post","link":"https:\/\/www.caririemacao.com\/1\/2018\/08\/31\/vacinacao-termina-hoje-em-todo-o-pais-mas-volta-amanha-onde-meta-nao-foi-atingida\/","title":{"rendered":"Vacina\u00e7\u00e3o termina hoje em todo o pa\u00eds, mas volta amanh\u00e3 onde meta n\u00e3o foi atingida"},"content":{"rendered":"<div class=\"titulo\">\n<p>A Campanha Nacional de Vacina\u00e7\u00e3o contra a Poliomielite e o Sarampo termina\u00a0<span id=\"OBJ_PREFIX_DWT262_com_zimbra_date\" role=\"link\">hoje<\/span>\u00a0(31) em todo o pa\u00eds. Todas as crian\u00e7as com idade entre 1 ano e menores de 5 anos devem receber a dose, independentemente de sua situa\u00e7\u00e3o vacinal.<\/p>\n<\/div>\n<div class=\"content\">\n<p>Dados do Minist\u00e9rio da Sa\u00fade mostram que mais de 3 milh\u00f5es de crian\u00e7as ainda precisam ser imunizadas.<\/p>\n<p>Munic\u00edpios que ainda n\u00e3o atingiram cobertura vacinal de 95% foram orientados a abrir os postos de sa\u00fade amanh\u00e3 (1\u00ba),\u00a0<span id=\"OBJ_PREFIX_DWT263_com_zimbra_date\" role=\"link\">s\u00e1bado<\/span>. O minist\u00e9rio alertou que a mobiliza\u00e7\u00e3o no fim de semana \u00e9 responsabilidade de cada munic\u00edpio e, portanto, \u00e9 necess\u00e1rio verificar com as secretarias municipais quais postos estar\u00e3o abertos.<\/p>\n<p>Entre as unidades da Federa\u00e7\u00e3o com menor cobertura vacinal est\u00e3o Rio\u00a0de Janeiro, Distrito Federal, Roraima, Par\u00e1, Acre, Amazonas, Bahia, Piau\u00ed, Rio Grande do Sul, Mato Grosso do Sul, S\u00e3o Paulo e Mato Grosso. Apenas o Amap\u00e1 atingiu a meta de imunizar 95% do p\u00fablico-alvo.<\/p>\n<p>Este ano, a vacina\u00e7\u00e3o \u00e9 feita de forma indiscriminada, o que significa que mesmo as crian\u00e7as que j\u00e1 est\u00e3o com esquema vacinal completo devem ser levadas aos postos de sa\u00fade para receber mais um refor\u00e7o.<\/p>\n<p>No caso da p\u00f3lio, as crian\u00e7as que n\u00e3o tomaram nenhuma dose ao longo da vida v\u00e3o receber a vacina injet\u00e1vel e as que j\u00e1 tomaram uma ou mais doses devem receber a oral.<\/p>\n<p>Para o sarampo, todas as crian\u00e7as com idade entre um ano e menores de 5 v\u00e3o receber uma dose da tr\u00edplice viral, desde que n\u00e3o tenham sido vacinadas nos \u00faltimos 30 dias.<\/p>\n<p>At\u00e9 o dia\u00a0<span id=\"OBJ_PREFIX_DWT264_com_zimbra_date\" role=\"link\">28 de agosto<\/span>, foram confirmados 1.553 casos de sarampo no Brasil, enquanto 6.975 permanecem em investiga\u00e7\u00e3o.<\/p>\n<p>O pa\u00eds enfrenta dois surtos da doen\u00e7a: no Amazonas, que j\u00e1 tem 1.211 casos confirmados e 6.905 em investiga\u00e7\u00e3o, e em Roraima, onde h\u00e1 300 casos confirmados e 70 em investiga\u00e7\u00e3o.<\/p>\n<p>Casos isolados e relacionados \u00e0 importa\u00e7\u00e3o foram identificados nos seguintes estados: S\u00e3o Paulo (2), Rio\u00a0de Janeiro\u00a0(18), Rio Grande do Sul (16), Rond\u00f4nia (2). Pernambuco (2) e Par\u00e1 (2).<\/p>\n<p>Foram confirmadas ainda sete mortes por sarampo, sendo quatro em Roraima (tr\u00eas em estrangeiros e uma em brasileiro) e tr\u00eas no Amazonas (todos brasileiros, sendo dois \u00f3bitos em Manaus e um no munic\u00edpio de Autazes).<\/p>\n<p><em><strong>Ag\u00eancia Brasil\/ Foto: Internet\u00a0<\/strong><\/em><\/p>\n<\/div>\n","protected":false},"excerpt":{"rendered":"<p>A Campanha Nacional de Vacina\u00e7\u00e3o contra a Poliomielite e o Sarampo termina\u00a0hoje\u00a0(31) em todo o pa\u00eds. Todas as crian\u00e7as com idade entre 1 ano e&hellip; <\/p>\n","protected":false},"author":1,"featured_media":59510,"comment_status":"closed","ping_status":"closed","sticky":false,"template":"","format":"standard","meta":{"sfsi_plus_gutenberg_text_before_share":"","sfsi_plus_gutenberg_show_text_before_share":"","sfsi_plus_gutenberg_icon_type":"","sfsi_plus_gutenberg_icon_alignemt":"","sfsi_plus_gutenburg_max_per_row":"","footnotes":""},"categories":[16],"tags":[],"class_list":["post-63586","post","type-post","status-publish","format-standard","has-post-thumbnail","hentry","category-saude"],"_links":{"self":[{"href":"https:\/\/www.caririemacao.com\/1\/wp-json\/wp\/v2\/posts\/63586","targetHints":{"allow":["GET"]}}],"collection":[{"href":"https:\/\/www.caririemacao.com\/1\/wp-json\/wp\/v2\/posts"}],"about":[{"href":"https:\/\/www.caririemacao.com\/1\/wp-json\/wp\/v2\/types\/post"}],"author":[{"embeddable":true,"href":"https:\/\/www.caririemacao.com\/1\/wp-json\/wp\/v2\/users\/1"}],"replies":[{"embeddable":true,"href":"https:\/\/www.caririemacao.com\/1\/wp-json\/wp\/v2\/comments?post=63586"}],"version-history":[{"count":1,"href":"https:\/\/www.caririemacao.com\/1\/wp-json\/wp\/v2\/posts\/63586\/revisions"}],"predecessor-version":[{"id":63587,"href":"https:\/\/www.caririemacao.com\/1\/wp-json\/wp\/v2\/posts\/63586\/revisions\/63587"}],"wp:featuredmedia":[{"embeddable":true,"href":"https:\/\/www.caririemacao.com\/1\/wp-json\/wp\/v2\/media\/59510"}],"wp:attachment":[{"href":"https:\/\/www.caririemacao.com\/1\/wp-json\/wp\/v2\/media?parent=63586"}],"wp:term":[{"taxonomy":"category","embeddable":true,"href":"https:\/\/www.caririemacao.com\/1\/wp-json\/wp\/v2\/categories?post=63586"},{"taxonomy":"post_tag","embeddable":true,"href":"https:\/\/www.caririemacao.com\/1\/wp-json\/wp\/v2\/tags?post=63586"}],"curies":[{"name":"wp","href":"https:\/\/api.w.org\/{rel}","templated":true}]}}