{"id":63592,"date":"2018-08-31T12:42:44","date_gmt":"2018-08-31T15:42:44","guid":{"rendered":"http:\/\/www.caririemacao.com\/1\/?p=63592"},"modified":"2018-08-31T12:42:44","modified_gmt":"2018-08-31T15:42:44","slug":"justica-ordena-lula-a-pagar-r-31-milhoes-no-caso-do-triplex","status":"publish","type":"post","link":"https:\/\/www.caririemacao.com\/1\/2018\/08\/31\/justica-ordena-lula-a-pagar-r-31-milhoes-no-caso-do-triplex\/","title":{"rendered":"Justi\u00e7a ordena Lula a pagar R$ 31 milh\u00f5es no caso do triplex"},"content":{"rendered":"<p>A ju\u00edza Carolina Lebbos, da 12\u00aa Vara Federal de Curitiba, determinou ontem (30) que o ex-presidente Luiz In\u00e1cio Lula da Silva pague R$ 31.195.712,78 a t\u00edtulo de multa, repara\u00e7\u00e3o de danos e custos processuais em decorr\u00eancia do processo em que ele foi condenado no caso do triplex do Guaruj\u00e1 (SP).<\/p>\n<div id=\"attachment_404314\" class=\"wp-caption aligncenter\">\n<p class=\"wp-caption-text\">Em sua decis\u00e3o, Lebbos deu 15 dias para que Lula fa\u00e7a uma proposta de parcelamento da quantia, caso deseje. A maior parte do valor se refere \u00e0 repara\u00e7\u00e3o de danos (R$ 29.896.000,00), seguida pela multa imposta ao ex-presidente (R$ 1.299.613,46) e das custas processuais (R$ 99,32).<\/p>\n<\/div>\n<p>\u201cRememoro que os referidos valores ser\u00e3o depositados em conta judicial vinculada a este Ju\u00edzo e, ap\u00f3s o tr\u00e2nsito em julgado, ser\u00e3o devidamente destinados\u201d, escreveu a ju\u00edza.<\/p>\n<p>Ela fez constar em sua decis\u00e3o que o n\u00e3o pagamento resultar\u00e1 na inclus\u00e3o do nome de Lula na d\u00edvida ativa da Uni\u00e3o, no caso da multa e das custas processuais, e no impedimento de progress\u00e3o de regime de pris\u00e3o, no caso da repara\u00e7\u00e3o de danos.<\/p>\n<p>Na mesma decis\u00e3o, a magistrada impediu a senadora e presidente do PT, Gleisi Hoffmann (PR), de atuar como advogada de Lula. Ela foi arrolada pela defesa como representante do ex-presidente na Justi\u00e7a, mas o Minist\u00e9rio P\u00fablico Federal (MPF) pediu que fosse afastada da fun\u00e7\u00e3o, por entender que isso tinha como objetivo burlar as regras da pris\u00e3o.<\/p>\n<p>A ju\u00edza citou trecho da lei que regula o estatuto da advocacia e impede que membros do Poder Legislativo advoguem, contra ou a favor, de \u201cpessoas jur\u00eddicas de direito p\u00fablico, empresas p\u00fablicas, sociedades de economia mista, funda\u00e7\u00f5es p\u00fablicas, entidades paraestatais ou empresas concession\u00e1rias ou permission\u00e1rias de servi\u00e7o p\u00fablico\u201d.<\/p>\n<p>Como a Petrobras, empresa estatal, figura como parte no processo, Lebbos entendeu que o impedimento se aplica a Gleisi Hoffmann.<\/p>\n<p>Em rela\u00e7\u00e3o a um pedido de Lula para que tenha garantido seu direito de votar nas pr\u00f3ximas elei\u00e7\u00f5es, Lebbos disse ter encaminhado a solicita\u00e7\u00e3o para a Justi\u00e7a Eleitoral, que dever\u00e1 responder sobre a viabilidade do pleito.<\/p>\n<p>A\u00a0Ag\u00eancia Brasil\u00a0aguarda coment\u00e1rio da defesa de Lula sobre a decis\u00e3o.<\/p>\n<p><em><strong>Ag\u00eancia Brasil\/Foto: Juca Varella<\/strong><\/em><\/p>\n","protected":false},"excerpt":{"rendered":"<p>A ju\u00edza Carolina Lebbos, da 12\u00aa Vara Federal de Curitiba, determinou ontem (30) que o ex-presidente Luiz In\u00e1cio Lula da Silva pague R$ 31.195.712,78 a&hellip; <\/p>\n","protected":false},"author":1,"featured_media":63595,"comment_status":"closed","ping_status":"closed","sticky":false,"template":"","format":"standard","meta":{"sfsi_plus_gutenberg_text_before_share":"","sfsi_plus_gutenberg_show_text_before_share":"","sfsi_plus_gutenberg_icon_type":"","sfsi_plus_gutenberg_icon_alignemt":"","sfsi_plus_gutenburg_max_per_row":"","footnotes":""},"categories":[11],"tags":[],"class_list":["post-63592","post","type-post","status-publish","format-standard","has-post-thumbnail","hentry","category-politica"],"_links":{"self":[{"href":"https:\/\/www.caririemacao.com\/1\/wp-json\/wp\/v2\/posts\/63592","targetHints":{"allow":["GET"]}}],"collection":[{"href":"https:\/\/www.caririemacao.com\/1\/wp-json\/wp\/v2\/posts"}],"about":[{"href":"https:\/\/www.caririemacao.com\/1\/wp-json\/wp\/v2\/types\/post"}],"author":[{"embeddable":true,"href":"https:\/\/www.caririemacao.com\/1\/wp-json\/wp\/v2\/users\/1"}],"replies":[{"embeddable":true,"href":"https:\/\/www.caririemacao.com\/1\/wp-json\/wp\/v2\/comments?post=63592"}],"version-history":[{"count":1,"href":"https:\/\/www.caririemacao.com\/1\/wp-json\/wp\/v2\/posts\/63592\/revisions"}],"predecessor-version":[{"id":63594,"href":"https:\/\/www.caririemacao.com\/1\/wp-json\/wp\/v2\/posts\/63592\/revisions\/63594"}],"wp:featuredmedia":[{"embeddable":true,"href":"https:\/\/www.caririemacao.com\/1\/wp-json\/wp\/v2\/media\/63595"}],"wp:attachment":[{"href":"https:\/\/www.caririemacao.com\/1\/wp-json\/wp\/v2\/media?parent=63592"}],"wp:term":[{"taxonomy":"category","embeddable":true,"href":"https:\/\/www.caririemacao.com\/1\/wp-json\/wp\/v2\/categories?post=63592"},{"taxonomy":"post_tag","embeddable":true,"href":"https:\/\/www.caririemacao.com\/1\/wp-json\/wp\/v2\/tags?post=63592"}],"curies":[{"name":"wp","href":"https:\/\/api.w.org\/{rel}","templated":true}]}}