{"id":63596,"date":"2018-08-31T12:21:40","date_gmt":"2018-08-31T15:21:40","guid":{"rendered":"http:\/\/www.caririemacao.com\/1\/?p=63596"},"modified":"2018-08-31T12:23:02","modified_gmt":"2018-08-31T15:23:02","slug":"suspeitos-de-matar-sargento-discutem-na-central-de-policia-videos","status":"publish","type":"post","link":"https:\/\/www.caririemacao.com\/1\/2018\/08\/31\/suspeitos-de-matar-sargento-discutem-na-central-de-policia-videos\/","title":{"rendered":"Suspeitos de matar sargento discutem na Central de Pol\u00edcia"},"content":{"rendered":"<p>Os suspeitos de\u00a0assassinar o sargento do Corpo de Bombeiros Jos\u00e9lio de Souza Leite, no in\u00edcio da tarde dessa quinta-feira (30), foram definidos pela Pol\u00edcia Civil como \u201cequipe perigosa\u201d. Eles\u00a0foram presos \u00e0 noite, horas ap\u00f3s o crime, que aconteceu na sede da corpora\u00e7\u00e3o, no bairro de Mangabeira, em Jo\u00e3o Pessoa. Imagens de circuitos de seguran\u00e7a registraram os momentos em que o sargento \u00e9 atingido por tiros e em que os suspeitos fogem em uma motocicleta.<\/p>\n<p>Segundo o delegado Wagner Dorta, da Delegacia de Crimes contra Patrim\u00f4nio, o trio \u201cvinha aterrorizando n\u00e3o somente Jo\u00e3o Pessoa, como tamb\u00e9m a regi\u00e3o metropolitana\u201d. Ele contou que a pol\u00edcia tem conhecimento de que o mesmo trio praticou assaltos em fazendas, de onde foram roubadas armas de fogo.<\/p>\n<p>O interesse dos suspeitos em atacar o sargento tamb\u00e9m seria roubar a arma usada por ele. De acordo com o coronel Val\u00e9rio, o primeiro suspeito a ser preso \u2013 Natan Afonso de Carvalho, de 18 anos, piloto da moto \u2013 contou que arma seria vendida por R$ 6 mil. Ainda conforme o policial, o ve\u00edculo usado no crime seria de um cunhado de Jonas Ribeiro Sobrinho, de 20 anos, apontado como atirador, o segundo suspeito a ser preso.<\/p>\n<p>Jonas, por sua vez, teria cumprido plano proposto por \u00a0Thiago Ribeiro da Cunha, de 32 anos, presidi\u00e1rio do regime semiaberto, que cumpre medidas alternativas como faxineiro do pr\u00e9dio do Corpo de Bombeiros onde aconteceu o crime. A pol\u00edcia afirma, com base em relato do pr\u00f3prio Jonas, que foi Thiago quem deu aos executores informa\u00e7\u00f5es sobre a rotina do sargento e do trabalho prestado por ele na guarita da unidade militar.<\/p>\n<p>Thiago foi o \u00faltimo entre os tr\u00eas suspeitos a ser preso e nega participa\u00e7\u00e3o no crime. Ele chegou a discutir verbalmente com Jonas na Central de Pol\u00edcia Civil.<\/p>\n<p>Tanto Jonas, quanto Natan se negaram a comentar o assunto na presen\u00e7a da imprensa. Por\u00e9m, de acordo com o major Sidney, Natan confessou ser o condutor da moto e ter sido convidado para a a\u00e7\u00e3o criminosa por Jonas. \u201cUm caracter\u00edstica da pris\u00e3o dele \u00e9 que ele estava tranquilo em casa e se manteve tranquilo durante a revista. Quando averiguamos um celular, na frente dele, descobrimos que Jonas disse a ele para fugir. Ao ouvirmos esse \u00e1udio, ele j\u00e1 caiu em choro e confessou ser o condutor da moto\u201d.<\/p>\n<p><em><strong>Portal Correio\/Foto:Reprodu\u00e7\u00e3o\u00a0\u00a0<\/strong><\/em><\/p>\n","protected":false},"excerpt":{"rendered":"<p>Os suspeitos de\u00a0assassinar o sargento do Corpo de Bombeiros Jos\u00e9lio de Souza Leite, no in\u00edcio da tarde dessa quinta-feira (30), foram definidos pela Pol\u00edcia Civil&hellip; <\/p>\n","protected":false},"author":1,"featured_media":63597,"comment_status":"closed","ping_status":"closed","sticky":false,"template":"","format":"standard","meta":{"sfsi_plus_gutenberg_text_before_share":"","sfsi_plus_gutenberg_show_text_before_share":"","sfsi_plus_gutenberg_icon_type":"","sfsi_plus_gutenberg_icon_alignemt":"","sfsi_plus_gutenburg_max_per_row":"","footnotes":""},"categories":[12],"tags":[],"class_list":["post-63596","post","type-post","status-publish","format-standard","has-post-thumbnail","hentry","category-policia"],"_links":{"self":[{"href":"https:\/\/www.caririemacao.com\/1\/wp-json\/wp\/v2\/posts\/63596","targetHints":{"allow":["GET"]}}],"collection":[{"href":"https:\/\/www.caririemacao.com\/1\/wp-json\/wp\/v2\/posts"}],"about":[{"href":"https:\/\/www.caririemacao.com\/1\/wp-json\/wp\/v2\/types\/post"}],"author":[{"embeddable":true,"href":"https:\/\/www.caririemacao.com\/1\/wp-json\/wp\/v2\/users\/1"}],"replies":[{"embeddable":true,"href":"https:\/\/www.caririemacao.com\/1\/wp-json\/wp\/v2\/comments?post=63596"}],"version-history":[{"count":2,"href":"https:\/\/www.caririemacao.com\/1\/wp-json\/wp\/v2\/posts\/63596\/revisions"}],"predecessor-version":[{"id":63600,"href":"https:\/\/www.caririemacao.com\/1\/wp-json\/wp\/v2\/posts\/63596\/revisions\/63600"}],"wp:featuredmedia":[{"embeddable":true,"href":"https:\/\/www.caririemacao.com\/1\/wp-json\/wp\/v2\/media\/63597"}],"wp:attachment":[{"href":"https:\/\/www.caririemacao.com\/1\/wp-json\/wp\/v2\/media?parent=63596"}],"wp:term":[{"taxonomy":"category","embeddable":true,"href":"https:\/\/www.caririemacao.com\/1\/wp-json\/wp\/v2\/categories?post=63596"},{"taxonomy":"post_tag","embeddable":true,"href":"https:\/\/www.caririemacao.com\/1\/wp-json\/wp\/v2\/tags?post=63596"}],"curies":[{"name":"wp","href":"https:\/\/api.w.org\/{rel}","templated":true}]}}