{"id":63601,"date":"2018-08-31T12:26:52","date_gmt":"2018-08-31T15:26:52","guid":{"rendered":"http:\/\/www.caririemacao.com\/1\/?p=63601"},"modified":"2018-08-31T12:26:52","modified_gmt":"2018-08-31T15:26:52","slug":"ministerio-publico-pede-impugnacao-de-58-candidaturas-na-paraiba","status":"publish","type":"post","link":"https:\/\/www.caririemacao.com\/1\/2018\/08\/31\/ministerio-publico-pede-impugnacao-de-58-candidaturas-na-paraiba\/","title":{"rendered":"Minist\u00e9rio P\u00fablico pede impugna\u00e7\u00e3o de 58 candidaturas na Para\u00edba"},"content":{"rendered":"<p>O Minist\u00e9rio P\u00fablico Eleitoral na Para\u00edba apresentou \u00e0 Justi\u00e7a Eleitoral o total de 58 a\u00e7\u00f5es de impugna\u00e7\u00e3o de registro de candidatura para o pleito de 2018. Entre as ocorr\u00eancias irregulares encontradas, as apura\u00e7\u00f5es detectaram situa\u00e7\u00f5es previstas na conhecida lei da \u2018ficha limpa\u2019 que resultaram em tr\u00eas impugna\u00e7\u00f5es por condena\u00e7\u00f5es criminais, tr\u00eas por condena\u00e7\u00f5es por ato de improbidade administrativa e quatro impugna\u00e7\u00f5es por rejei\u00e7\u00e3o de contas pelos tribunais de contas, estadual e da Uni\u00e3o.<\/p>\n<p>Os nomes e a situa\u00e7\u00e3o de todos os candidatos est\u00e3o dispon\u00edveis para\u00a0<strong><a class=\"external-link\" title=\"\" href=\"https:\/\/pje.tre-pb.jus.br:8443\/pje-web\/ConsultaPublica\/listView.seam\" target=\"_self\">consulta p\u00fablica<\/a><\/strong>\u00a0no sistema de processo judicial eletr\u00f4nico e podem ser acessados na\u00a0<a class=\"external-link\" title=\"\" href=\"https:\/\/pje.tre-pb.jus.br:8443\/pje-web\/ConsultaPublica\/listView.seam\" target=\"_self\"><strong>p\u00e1gina<\/strong>\u00a0<\/a>do Tribunal Regional Eleitoral da Para\u00edba, na internet.<\/p>\n<p>Outras situa\u00e7\u00f5es constatadas motivaram uma impugna\u00e7\u00e3o por doa\u00e7\u00e3o em excesso (acima do limite legal); quatro em raz\u00e3o de contas n\u00e3o prestadas de campanhas eleitorais; uma por aus\u00eancia de escolha em conven\u00e7\u00e3o partid\u00e1ria e 44 por aus\u00eancia de comprova\u00e7\u00e3o de desincompatibiliza\u00e7\u00e3o de fun\u00e7\u00f5es, como em \u00f3rg\u00e3os p\u00fablicos, dentro do prazo fixado em lei.<\/p>\n<p>Foram constatadas tamb\u00e9m irregularidades diretamente pela Secretaria Judici\u00e1ria do TRE-PB, fato que tornou desnecess\u00e1ria a impugna\u00e7\u00e3o pelo MP Eleitoral. Nessas situa\u00e7\u00f5es identificadas automaticamente pelo Tribunal h\u00e1 casos de desincompatibiliza\u00e7\u00e3o, n\u00e3o presta\u00e7\u00e3o de contas de campanha de outras elei\u00e7\u00f5es (fato que gera aus\u00eancia de quita\u00e7\u00e3o eleitoral), aus\u00eancia de filia\u00e7\u00e3o partid\u00e1ria, aus\u00eancia de escolha em conven\u00e7\u00e3o, aus\u00eancia de comprovante de escolaridade e aus\u00eancia de certid\u00f5es.<\/p>\n<p>Segundo o procurador regional eleitoral, Victor Carvalho Veggi, as situa\u00e7\u00f5es identificadas pelo Minist\u00e9rio P\u00fablico Eleitoral e pelo TRE-PB est\u00e3o sendo acompanhadas diretamente pela Procuradoria Regional Eleitoral para verificar se os v\u00edcios ser\u00e3o sanados. Caso sejam regularizadas, as candidaturas ser\u00e3o deferidas normalmente pelo Tribunal. Do contr\u00e1rio, o pedido de candidatura deve ser indeferido.<\/p>\n<p><em><strong>Portal Correio\/Foto: Internet\u00a0<\/strong><\/em><\/p>\n","protected":false},"excerpt":{"rendered":"<p>O Minist\u00e9rio P\u00fablico Eleitoral na Para\u00edba apresentou \u00e0 Justi\u00e7a Eleitoral o total de 58 a\u00e7\u00f5es de impugna\u00e7\u00e3o de registro de candidatura para o pleito de&hellip; <\/p>\n","protected":false},"author":1,"featured_media":62341,"comment_status":"closed","ping_status":"closed","sticky":false,"template":"","format":"standard","meta":{"sfsi_plus_gutenberg_text_before_share":"","sfsi_plus_gutenberg_show_text_before_share":"","sfsi_plus_gutenberg_icon_type":"","sfsi_plus_gutenberg_icon_alignemt":"","sfsi_plus_gutenburg_max_per_row":"","footnotes":""},"categories":[1],"tags":[],"class_list":["post-63601","post","type-post","status-publish","format-standard","has-post-thumbnail","hentry","category-o-site"],"_links":{"self":[{"href":"https:\/\/www.caririemacao.com\/1\/wp-json\/wp\/v2\/posts\/63601","targetHints":{"allow":["GET"]}}],"collection":[{"href":"https:\/\/www.caririemacao.com\/1\/wp-json\/wp\/v2\/posts"}],"about":[{"href":"https:\/\/www.caririemacao.com\/1\/wp-json\/wp\/v2\/types\/post"}],"author":[{"embeddable":true,"href":"https:\/\/www.caririemacao.com\/1\/wp-json\/wp\/v2\/users\/1"}],"replies":[{"embeddable":true,"href":"https:\/\/www.caririemacao.com\/1\/wp-json\/wp\/v2\/comments?post=63601"}],"version-history":[{"count":1,"href":"https:\/\/www.caririemacao.com\/1\/wp-json\/wp\/v2\/posts\/63601\/revisions"}],"predecessor-version":[{"id":63602,"href":"https:\/\/www.caririemacao.com\/1\/wp-json\/wp\/v2\/posts\/63601\/revisions\/63602"}],"wp:featuredmedia":[{"embeddable":true,"href":"https:\/\/www.caririemacao.com\/1\/wp-json\/wp\/v2\/media\/62341"}],"wp:attachment":[{"href":"https:\/\/www.caririemacao.com\/1\/wp-json\/wp\/v2\/media?parent=63601"}],"wp:term":[{"taxonomy":"category","embeddable":true,"href":"https:\/\/www.caririemacao.com\/1\/wp-json\/wp\/v2\/categories?post=63601"},{"taxonomy":"post_tag","embeddable":true,"href":"https:\/\/www.caririemacao.com\/1\/wp-json\/wp\/v2\/tags?post=63601"}],"curies":[{"name":"wp","href":"https:\/\/api.w.org\/{rel}","templated":true}]}}