{"id":63610,"date":"2018-08-31T12:49:03","date_gmt":"2018-08-31T15:49:03","guid":{"rendered":"http:\/\/www.caririemacao.com\/1\/?p=63610"},"modified":"2018-08-31T12:49:03","modified_gmt":"2018-08-31T15:49:03","slug":"ciro-gomes-diz-que-reajuste-dos-ministros-do-supremo-tribunal-e-bofetada-no-rosto-da-populacao","status":"publish","type":"post","link":"https:\/\/www.caririemacao.com\/1\/2018\/08\/31\/ciro-gomes-diz-que-reajuste-dos-ministros-do-supremo-tribunal-e-bofetada-no-rosto-da-populacao\/","title":{"rendered":"Ciro Gomes diz que reajuste dos ministros do Supremo Tribunal  \u00e9 \u2018bofetada no rosto da popula\u00e7\u00e3o\u2019"},"content":{"rendered":"<p>O candidato do PDT \u00e0 Presid\u00eancia nas elei\u00e7\u00f5es 2018, Ciro Gomes, chamou ontem de \u201cuma bofetada no rosto da popula\u00e7\u00e3o\u201d o aumento de sal\u00e1rios a ministros do Supremo Tribunal Federal (STF) e servidores federais, medida que considerou vergonhosa em virtude da crise nas contas p\u00fablicas. Ciro, que cumpriu agenda de campanha na Unicamp, em Campinas (SP), tamb\u00e9m defendeu uma a\u00e7\u00e3o mais efetiva do governo para acolher refugiados venezuelanos e a media\u00e7\u00e3o de uma solu\u00e7\u00e3o para o conflito no pa\u00eds vizinho.<\/p>\n<p>O pedetista relacionou o reajuste a uma \u201cfalta de compostura da elite brasileira\u201d e o qualificou de \u201cvergonhoso\u201d. \u201cN\u00e3o \u00e9 que o sal\u00e1rio seja grande, eu acho que os ju\u00edzes t\u00eam que receber sal\u00e1rios crescentes, os maiores poss\u00edveis, e acho francamente uma impostura ficar falando mal de sal\u00e1rio\u201d, disse.<\/p>\n<p>O presidente Michel Temer definiu reajuste de 16,38% ao Judici\u00e1rio, com acordo junto ao STF (Supremo Tribunal Federal) pelo fim do aux\u00edlio-moradia pago aos magistrados, para tentar equilibrar os gastos com o aumento de sal\u00e1rios. O reajuste para os servidores federais, que poderia ser adiado, acabou mantido.<br \/>\n<a href=\"http:\/\/www.camisadez.net.br\/noticias\/2750.html#.W4j_a0GNbj8.whatsapp\" target=\"_blank\" rel=\"noopener\"><br \/>\n<\/a><em><strong>Camisa Dez\/Foto: Reprodu\u00e7\u00e3o\u00a0<\/strong><\/em><\/p>\n","protected":false},"excerpt":{"rendered":"<p>O candidato do PDT \u00e0 Presid\u00eancia nas elei\u00e7\u00f5es 2018, Ciro Gomes, chamou ontem de \u201cuma bofetada no rosto da popula\u00e7\u00e3o\u201d o aumento de sal\u00e1rios a&hellip; <\/p>\n","protected":false},"author":1,"featured_media":59369,"comment_status":"closed","ping_status":"closed","sticky":false,"template":"","format":"standard","meta":{"sfsi_plus_gutenberg_text_before_share":"","sfsi_plus_gutenberg_show_text_before_share":"","sfsi_plus_gutenberg_icon_type":"","sfsi_plus_gutenberg_icon_alignemt":"","sfsi_plus_gutenburg_max_per_row":"","footnotes":""},"categories":[11],"tags":[],"class_list":["post-63610","post","type-post","status-publish","format-standard","has-post-thumbnail","hentry","category-politica"],"_links":{"self":[{"href":"https:\/\/www.caririemacao.com\/1\/wp-json\/wp\/v2\/posts\/63610","targetHints":{"allow":["GET"]}}],"collection":[{"href":"https:\/\/www.caririemacao.com\/1\/wp-json\/wp\/v2\/posts"}],"about":[{"href":"https:\/\/www.caririemacao.com\/1\/wp-json\/wp\/v2\/types\/post"}],"author":[{"embeddable":true,"href":"https:\/\/www.caririemacao.com\/1\/wp-json\/wp\/v2\/users\/1"}],"replies":[{"embeddable":true,"href":"https:\/\/www.caririemacao.com\/1\/wp-json\/wp\/v2\/comments?post=63610"}],"version-history":[{"count":2,"href":"https:\/\/www.caririemacao.com\/1\/wp-json\/wp\/v2\/posts\/63610\/revisions"}],"predecessor-version":[{"id":63612,"href":"https:\/\/www.caririemacao.com\/1\/wp-json\/wp\/v2\/posts\/63610\/revisions\/63612"}],"wp:featuredmedia":[{"embeddable":true,"href":"https:\/\/www.caririemacao.com\/1\/wp-json\/wp\/v2\/media\/59369"}],"wp:attachment":[{"href":"https:\/\/www.caririemacao.com\/1\/wp-json\/wp\/v2\/media?parent=63610"}],"wp:term":[{"taxonomy":"category","embeddable":true,"href":"https:\/\/www.caririemacao.com\/1\/wp-json\/wp\/v2\/categories?post=63610"},{"taxonomy":"post_tag","embeddable":true,"href":"https:\/\/www.caririemacao.com\/1\/wp-json\/wp\/v2\/tags?post=63610"}],"curies":[{"name":"wp","href":"https:\/\/api.w.org\/{rel}","templated":true}]}}