{"id":63615,"date":"2018-08-31T12:57:32","date_gmt":"2018-08-31T15:57:32","guid":{"rendered":"http:\/\/www.caririemacao.com\/1\/?p=63615"},"modified":"2018-08-31T12:57:32","modified_gmt":"2018-08-31T15:57:32","slug":"paraibano-capitao-da-selecao-brasileira-destaca-confianca-para-a-fase-final-da-pan-americana","status":"publish","type":"post","link":"https:\/\/www.caririemacao.com\/1\/2018\/08\/31\/paraibano-capitao-da-selecao-brasileira-destaca-confianca-para-a-fase-final-da-pan-americana\/","title":{"rendered":"Paraibano capit\u00e3o da sele\u00e7\u00e3o brasileira, destaca confian\u00e7a para a fase final da Pan-Americana"},"content":{"rendered":"<div class=\"noticiacorpo\">\n<p class=\" \" align=\"justify\">A sele\u00e7\u00e3o brasileira masculina de novos de v\u00f4lei \u00e9 a \u00fanica que ainda n\u00e3o perdeu um set sequer na Copa Pan-Americana que acontece em Veracruz, no M\u00e9xico. Com a vaga na semifinal garantida, o time assegurou tamb\u00e9m a classifica\u00e7\u00e3o do Brasil para os Jogos Pan-Americanos de Lima, em 2019. A equipe, que \u00e9 comandada por Giovane G\u00e1vio, conhece hoje (sexta) \u00e0 noite seu advers\u00e1rio na briga por uma vaga na final, e ser\u00e1 definido dos confrontos entre M\u00e9xico x Porto Rico e Cuba x Canad\u00e1.<\/p>\n<p class=\" \" align=\"justify\">Capit\u00e3o da sele\u00e7\u00e3o, que \u00e9 formada por jogadores at\u00e9 25 anos, o levantador Thiaguinho fez uma an\u00e1lise da fase classificat\u00f3ria, na qual, o Brasil superou Rep\u00fablica Dominicana, Col\u00f4mbia e Canad\u00e1, pelo grupo B.<\/p>\n<p class=\" \" align=\"justify\">&#8220;Foi uma primeira fase muito boa. Acho que crescemos durante os jogos. Estamos ganhando ritmo no saque, e esse fundamento est\u00e1 sendo nossa principal arma. Estamos confiantes para a fase final do campeonato&#8221;. A semifinal, que acontecer\u00e1 neste s\u00e1bado (1\/9), come\u00e7ar\u00e1 \u00e0s 23 horas (hor\u00e1rio de Bras\u00edlia).<\/p>\n<p class=\" \" align=\"justify\">A outra sele\u00e7\u00e3o garantida nas semifinais da Copa Pan-Americana \u00e9 a Argentina, que no grupo C derrotou Peru, Porto Rico e Estados Unidos. A decis\u00e3o do t\u00edtulo ser\u00e1 no domingo (2\/9), a partir das 21 horas (hor\u00e1rio de Bras\u00edlia). O Brasil, campe\u00e3o em 2011, 2013 e 2015, est\u00e1 em busca da sua quarta medalha de ouro na competi\u00e7\u00e3o.<\/p>\n<\/div>\n<p class=\"noticia_fonte\">CBV<\/p>\n","protected":false},"excerpt":{"rendered":"<p>A sele\u00e7\u00e3o brasileira masculina de novos de v\u00f4lei \u00e9 a \u00fanica que ainda n\u00e3o perdeu um set sequer na Copa Pan-Americana que acontece em Veracruz,&hellip; <\/p>\n","protected":false},"author":1,"featured_media":63616,"comment_status":"closed","ping_status":"closed","sticky":false,"template":"","format":"standard","meta":{"sfsi_plus_gutenberg_text_before_share":"","sfsi_plus_gutenberg_show_text_before_share":"","sfsi_plus_gutenberg_icon_type":"","sfsi_plus_gutenberg_icon_alignemt":"","sfsi_plus_gutenburg_max_per_row":"","footnotes":""},"categories":[13],"tags":[],"class_list":["post-63615","post","type-post","status-publish","format-standard","has-post-thumbnail","hentry","category-esportes"],"_links":{"self":[{"href":"https:\/\/www.caririemacao.com\/1\/wp-json\/wp\/v2\/posts\/63615","targetHints":{"allow":["GET"]}}],"collection":[{"href":"https:\/\/www.caririemacao.com\/1\/wp-json\/wp\/v2\/posts"}],"about":[{"href":"https:\/\/www.caririemacao.com\/1\/wp-json\/wp\/v2\/types\/post"}],"author":[{"embeddable":true,"href":"https:\/\/www.caririemacao.com\/1\/wp-json\/wp\/v2\/users\/1"}],"replies":[{"embeddable":true,"href":"https:\/\/www.caririemacao.com\/1\/wp-json\/wp\/v2\/comments?post=63615"}],"version-history":[{"count":1,"href":"https:\/\/www.caririemacao.com\/1\/wp-json\/wp\/v2\/posts\/63615\/revisions"}],"predecessor-version":[{"id":63617,"href":"https:\/\/www.caririemacao.com\/1\/wp-json\/wp\/v2\/posts\/63615\/revisions\/63617"}],"wp:featuredmedia":[{"embeddable":true,"href":"https:\/\/www.caririemacao.com\/1\/wp-json\/wp\/v2\/media\/63616"}],"wp:attachment":[{"href":"https:\/\/www.caririemacao.com\/1\/wp-json\/wp\/v2\/media?parent=63615"}],"wp:term":[{"taxonomy":"category","embeddable":true,"href":"https:\/\/www.caririemacao.com\/1\/wp-json\/wp\/v2\/categories?post=63615"},{"taxonomy":"post_tag","embeddable":true,"href":"https:\/\/www.caririemacao.com\/1\/wp-json\/wp\/v2\/tags?post=63615"}],"curies":[{"name":"wp","href":"https:\/\/api.w.org\/{rel}","templated":true}]}}