{"id":63618,"date":"2018-08-31T13:02:13","date_gmt":"2018-08-31T16:02:13","guid":{"rendered":"http:\/\/www.caririemacao.com\/1\/?p=63618"},"modified":"2018-08-31T13:02:13","modified_gmt":"2018-08-31T16:02:13","slug":"sistema-arapuan-reune-candidatos-ao-governo-do-estado-e-senado-veja-programacao","status":"publish","type":"post","link":"https:\/\/www.caririemacao.com\/1\/2018\/08\/31\/sistema-arapuan-reune-candidatos-ao-governo-do-estado-e-senado-veja-programacao\/","title":{"rendered":"Sistema Arapuan re\u00fane candidatos ao Governo do Estado e Senado; veja programa\u00e7\u00e3o"},"content":{"rendered":"<div class=\"noticiacorpo\">\n<div>\n<div>\n<p>O Sistema Arapuan de Comunica\u00e7\u00e3o realiza na pr\u00f3xima segunda-feira, 3 de setembro, rodada de debates com os candidatos ao Governo do Estado e Senado Federal\u00a0 no r\u00e1dio e televis\u00e3o, envolvendo ainda o portal para\u00edba.com.br e redes sociais.<\/p>\n<\/div>\n<div>O primeiro debate ser\u00e1 com os postulantes ao Governo do Estado. Os candidatos Jo\u00e3o Azevedo (PSB), Jos\u00e9 Maranh\u00e3o (MDB), Luc\u00e9lio Cartaxo (PV) e Tarcio Teixeira (PSOL) estar\u00e3o a partir das 13 horas na Rede Arapuan de R\u00e1dios.<\/div>\n<div>\n<p>Mediados pelos apresentadores do programa radiof\u00f4nico Arapuan Verdade, Heron Cid e Gutemberg Cardoso, o debate se estender\u00e1 at\u00e9 \u00e0s 15 horas com transmiss\u00e3o por toda a cadeia que forma a rede de r\u00e1dios Arapuan no Estado.<\/p>\n<\/div>\n<div>\n<p><strong>Senadores na TV Arapuan\u00a0<\/strong><\/p>\n<\/div>\n<div>\n<p>Nova rodada de debates acontecer\u00e1 \u00e0 noite, com media\u00e7\u00e3o do jornalista Adelton Alves , a partir das 21h00, na TV Arapuan, reunindo os candidatos ao Senado Federal.<\/p>\n<\/div>\n<div>\n<p>C\u00e1ssio Cunha Lima (PSDB), Daniella Ribeiro (PP), Luiz Couto (PT), Nivaldo Mangueira (PSOL), Nelson J\u00fanior (PSOL), Roberto Paulino (MDB) e Veneziano Vital (PSB) ter\u00e3o duas horas para exposi\u00e7\u00e3o de propostas e confronto de id\u00e9ias.<\/p>\n<\/div>\n<div>\n<p>Durante os dois debates acontecer\u00e3o\u00a0 flashes ao vivo pela TV Arapuan e transmiss\u00e3o pela Fan Page da Arapuan\u00a0 FM no facebook, rede Arapuan de r\u00e1dios e portal Para\u00edba.com.br.<\/p>\n<p><strong>SERVI\u00c7O<\/strong><\/p>\n<p><strong>DEBATE R\u00c1DIO:<\/strong><\/p>\n<p>Com quem: candidatos ao Governo do Estado<\/p>\n<p>Quando: segunda-feira, das 13 \u00e0s 15 horas<\/p>\n<p>Onde: Rede Arapuan de R\u00e1dios<\/p>\n<p><strong>DEBATE TV:<\/strong><\/p>\n<p>Com quem: candidatos ao Senado Federal<\/p>\n<p>Quando: segunda-feira, das 21 \u00e0s 23 horas.<\/p>\n<p>Onde:\u00a0 TV Arapuan<\/p>\n<p><em><strong>Para\u00edba.com\u00a0<\/strong><\/em><\/p>\n<\/div>\n<\/div>\n<\/div>\n","protected":false},"excerpt":{"rendered":"<p>O Sistema Arapuan de Comunica\u00e7\u00e3o realiza na pr\u00f3xima segunda-feira, 3 de setembro, rodada de debates com os candidatos ao Governo do Estado e Senado Federal\u00a0&hellip; <\/p>\n","protected":false},"author":1,"featured_media":63619,"comment_status":"closed","ping_status":"closed","sticky":false,"template":"","format":"standard","meta":{"sfsi_plus_gutenberg_text_before_share":"","sfsi_plus_gutenberg_show_text_before_share":"","sfsi_plus_gutenberg_icon_type":"","sfsi_plus_gutenberg_icon_alignemt":"","sfsi_plus_gutenburg_max_per_row":"","footnotes":""},"categories":[2],"tags":[],"class_list":["post-63618","post","type-post","status-publish","format-standard","has-post-thumbnail","hentry","category-geral"],"_links":{"self":[{"href":"https:\/\/www.caririemacao.com\/1\/wp-json\/wp\/v2\/posts\/63618","targetHints":{"allow":["GET"]}}],"collection":[{"href":"https:\/\/www.caririemacao.com\/1\/wp-json\/wp\/v2\/posts"}],"about":[{"href":"https:\/\/www.caririemacao.com\/1\/wp-json\/wp\/v2\/types\/post"}],"author":[{"embeddable":true,"href":"https:\/\/www.caririemacao.com\/1\/wp-json\/wp\/v2\/users\/1"}],"replies":[{"embeddable":true,"href":"https:\/\/www.caririemacao.com\/1\/wp-json\/wp\/v2\/comments?post=63618"}],"version-history":[{"count":1,"href":"https:\/\/www.caririemacao.com\/1\/wp-json\/wp\/v2\/posts\/63618\/revisions"}],"predecessor-version":[{"id":63620,"href":"https:\/\/www.caririemacao.com\/1\/wp-json\/wp\/v2\/posts\/63618\/revisions\/63620"}],"wp:featuredmedia":[{"embeddable":true,"href":"https:\/\/www.caririemacao.com\/1\/wp-json\/wp\/v2\/media\/63619"}],"wp:attachment":[{"href":"https:\/\/www.caririemacao.com\/1\/wp-json\/wp\/v2\/media?parent=63618"}],"wp:term":[{"taxonomy":"category","embeddable":true,"href":"https:\/\/www.caririemacao.com\/1\/wp-json\/wp\/v2\/categories?post=63618"},{"taxonomy":"post_tag","embeddable":true,"href":"https:\/\/www.caririemacao.com\/1\/wp-json\/wp\/v2\/tags?post=63618"}],"curies":[{"name":"wp","href":"https:\/\/api.w.org\/{rel}","templated":true}]}}