{"id":63621,"date":"2018-08-31T13:18:53","date_gmt":"2018-08-31T16:18:53","guid":{"rendered":"http:\/\/www.caririemacao.com\/1\/?p=63621"},"modified":"2018-08-31T13:18:53","modified_gmt":"2018-08-31T16:18:53","slug":"os-programas-dos-candidatos-para-resgatar-o-brasil","status":"publish","type":"post","link":"https:\/\/www.caririemacao.com\/1\/2018\/08\/31\/os-programas-dos-candidatos-para-resgatar-o-brasil\/","title":{"rendered":"Os programas dos candidatos para resgatar o Brasil"},"content":{"rendered":"<p>As propostas dos cinco candidatos mais bem colocados nas pesquisas para as elei\u00e7\u00f5es presidenciais sobre temas que agitam o pa\u00eds, abalado pela crise econ\u00f4mica, a corrup\u00e7\u00e3o e a inseguran\u00e7a:<\/p>\n<p>=== Candidatos, partidos e slogans ===<\/p>\n<p>&#8211; LUIZ IN\u00c1CIO LULA DA SILVA, 72 anos, ex-presidente (2003-2010) pelo Partido dos Trabalhadores (PT)<\/p>\n<p>SLOGAN: &#8220;Lula: o povo feliz de novo&#8221;<\/p>\n<p>Lula cumpre uma pena de 12 anos e um m\u00eas de pris\u00e3o por corrup\u00e7\u00e3o e lavagem de dinheiro e sua candidatura deve ser invalidada. Ele poder\u00e1 ser substitu\u00eddo por seu companheiro de chapa, Fernando Haddad.<\/p>\n<p>&#8211; JAIR BOLSONARO, 63 anos, deputado pelo Partido Social Liberal (PSL), ex-capit\u00e3o do Ex\u00e9rcito.<\/p>\n<p>SLOGAN: &#8220;Brasil acima de tudo, Deus acima de todos&#8221;<\/p>\n<p>&#8211; MARINA SILVA, 60 anos, do partido Rede Sustentabilidade (REDE), ex-ministra do Meio Ambiente (2003-2008).<\/p>\n<p>SLOGAN: &#8220;Um Brasil justo, \u00e9tico, pr\u00f3spero e sustent\u00e1vel&#8221;<\/p>\n<p>&#8211; GERALDO ALCKMIN, 65 anos, do Partido da Social Democracia Brasileira (PSDB), ex-governador de S\u00e3o Paulo.<\/p>\n<p>SLOGAN: &#8220;O futuro melhor come\u00e7a agora&#8221;<\/p>\n<p>&#8211; CIRO GOMES, 60 anos, do Partido Democr\u00e1tico Trabalhista (PDT), ex-ministro da Fazenda (1994) e da Integra\u00e7\u00e3o Nacional (2003-2006).<\/p>\n<p>SLOGAN: &#8220;Para mudar o Brasil&#8221;<\/p>\n<p>=== Economia: austeridade e privatiza\u00e7\u00f5es ===<\/p>\n<p>LULA<\/p>\n<p>. Revogar o congelamento do gasto p\u00fablico e a flexibiliza\u00e7\u00e3o da legisla\u00e7\u00e3o trabalhista, aprovadas pelo governo de Michel Temer.<\/p>\n<p>. Interromper as privatiza\u00e7\u00f5es e voltar a impor a participa\u00e7\u00e3o da Petrobras em projetos petroleiros nas \u00e1guas profundas do pr\u00e9-sal.<\/p>\n<p>. Equilibrar as contas do sistema da previd\u00eancia &#8220;a partir do retorno do emprego&#8221; e de medidas como o combate \u00e0 sonega\u00e7\u00e3o fiscal.<\/p>\n<p>BOLSONARO<\/p>\n<p>. Reduzir a d\u00edvida p\u00fablica em 20% mediante privatiza\u00e7\u00f5es, concess\u00f5es e venda de propriedades da Uni\u00e3o.<\/p>\n<p>. Criar um sistema paralelo de aposentadoria por capitaliza\u00e7\u00e3o; os brasileiros poder\u00e3o &#8220;optar entre o sistema novo e o antigo&#8221;.<\/p>\n<p>MARINA SILVA<\/p>\n<p>. Investimentos estatais em obras de infraestrutura.<\/p>\n<p>. A quest\u00e3o das privatiza\u00e7\u00f5es &#8220;n\u00e3o ser\u00e1 tratada com dogmatismo&#8221;. Mas &#8220;n\u00e3o privatizaremos a Petrobras, o Banco do Brasil nem a Caixa Econ\u00f4mica Federal&#8221;.<\/p>\n<p>. &#8220;A reforma da previd\u00eancia \u00e9 incontorn\u00e1vel, o gasto total com benef\u00edcios alcan\u00e7a 13% do PIB, excessivamente alto para o nosso perfil et\u00e1rio&#8221;.<\/p>\n<p>ALCKMIN<\/p>\n<p>. &#8220;Eliminar o d\u00e9ficit p\u00fablico em dois anos&#8221;.<\/p>\n<p>. &#8220;Privatizar empresas estatais, de maneira criteriosa&#8221;.<\/p>\n<p>. &#8220;Criar um sistema \u00fanico de aposentadoria, igualando direitos e abolindo privil\u00e9gios&#8221;.<\/p>\n<p>. &#8220;Simplificar o sistema tribut\u00e1rio pela substitui\u00e7\u00e3o de cinco impostos e contribui\u00e7\u00f5es por um \u00fanico tributo: o Imposto sobre Valor Agregado (IVA)&#8221;.<\/p>\n<p>CIRO GOMES<\/p>\n<p>. &#8220;Reindustrializar o pa\u00eds \u00e9 uma das nossas metas principais (&#8230;).Isso requer, em um primeiro momento, o acerto das contas do governo, incluindo uma reforma previdenci\u00e1ria, a redu\u00e7\u00e3o de despesas e uma mudan\u00e7a na composi\u00e7\u00e3o da carga tribut\u00e1ria&#8221;.<\/p>\n<p>. &#8220;Para manter o controle de nossos recursos naturais estrat\u00e9gicos, todos os campos de petr\u00f3leo brasileiro vendidos ao exterior pelo Governo Temer ap\u00f3s a revoga\u00e7\u00e3o da Lei de Partilha ser\u00e3o recomprados, com as devidas indeniza\u00e7\u00f5es&#8221;.<\/p>\n<p>. Em entrevistas, Ciro Gomes prometeu favorecer a renegocia\u00e7\u00e3o de d\u00edvidas de particulares pobres.<\/p>\n<p>=== Inseguran\u00e7a: mais armas ou mais controle ==<\/p>\n<p>LULA<\/p>\n<p>. &#8220;A pol\u00edtica de controle de armas e muni\u00e7\u00f5es deve ser aprimorada, refor\u00e7ando seu rastreamento, por meio de rigorosa marca\u00e7\u00e3o, nos termos do estatuto do desarmamento&#8221;.<\/p>\n<p>. &#8220;Na gest\u00e3o da pol\u00edtica nacional, o governo federal vai promover, com governos estaduais e municipais, com foco em intelig\u00eancia, prioriza\u00e7\u00e3o da vida, controle de armas, repactua\u00e7\u00e3o das rela\u00e7\u00f5es entre pol\u00edcias e comunidades, preven\u00e7\u00e3o e valoriza\u00e7\u00e3o profissional dos policiais&#8221;.<\/p>\n<p>BOLSONARO<\/p>\n<p>. &#8220;Reduzir a maioridade penal para 16 anos&#8221;.<\/p>\n<p>. Flexibilizar a legisla\u00e7\u00e3o sobre o porte de armas. &#8220;As armas s\u00e3o instrumentos, objetos inertes, que podem ser usadas para matar ou salvar vidas. Isso depende de quem as maneja&#8221;.<\/p>\n<p>. &#8220;Tipificar como terrorismo as invas\u00f5es de propiedades rurais e urbanas&#8221;.<\/p>\n<p>MARINA SILVA<\/p>\n<p>. Fortalecer a pol\u00edtica de controle de armas.<\/p>\n<p>. Propor penas alternativas para reduzir as pris\u00f5es provis\u00f3rias.<\/p>\n<p>. Organizar um referendo sobre a descriminaliza\u00e7\u00e3o do consumo de drogas.<\/p>\n<p>. &#8220;As For\u00e7as Armadas assumir\u00e3o papel fundamental na defesa de fronteiras, no combate ao contrabando, ao tr\u00e1fico de drogas, de armas e de pessoas, bem como na prote\u00e7\u00e3o do meio ambiente, em especial no combate \u00e0 biopirataria&#8221;.<\/p>\n<p>ALCKMIN<\/p>\n<p>. Combater o crime organizado e o tr\u00e1fico de armas e drogas com a integra\u00e7\u00e3o da intelig\u00eancia de todas as pol\u00edcias.<\/p>\n<p>. &#8220;Criar uma Guarda Nacional como pol\u00edcia militar federal apta a atuar em todo o territ\u00f3rio nacional&#8221;.<\/p>\n<p>CIRO GOMES<\/p>\n<p>. Coordenar os esfor\u00e7os dos estados para conter o crime, direcionar as pol\u00edcias federais para o combate \u00e0s organiza\u00e7\u00f5es criminosas violentas, controlar o tr\u00e1fico de armas e drogas, criar uma Pol\u00edcia de Fronteiras, organizar os esfor\u00e7os na repress\u00e3o e preven\u00e7\u00e3o ao homic\u00eddio e implementar um sistema nacional de intelig\u00eancia em seguran\u00e7a p\u00fablica.<\/p>\n<p>=== Corrup\u00e7\u00e3o: a pol\u00edtica sob suspeita ===<\/p>\n<p>LULA:<\/p>\n<p>. &#8220;Aperfei\u00e7oar as leis e procedimentos que garantam cada vez maior transpar\u00eancia e preven\u00e7\u00e3o \u00e0 corrup\u00e7\u00e3o (&#8230;) No entanto, a pauta do combate \u00e0 corrup\u00e7\u00e3o n\u00e3o pode servir \u00e0 criminaliza\u00e7\u00e3o da pol\u00edtica&#8221;.<\/p>\n<p>BOLSONARO:<\/p>\n<p>. &#8220;Propomos um governo decente, diferente de tudo aquilo que nos jogou em uma crise \u00e9tica, moral e fiscal&#8221;.<\/p>\n<p>MARINA SILVA:<\/p>\n<p>. Criminalizar &#8220;o caixa dois eleitoral e o enriquecimento il\u00edcito de agentes p\u00fablicos; acabar com o foro privilegiado e a indica\u00e7\u00e3o pol\u00edtica para \u00f3rg\u00e3os de controle externo&#8221;.<\/p>\n<p>ALCKMIN:<\/p>\n<p>. &#8220;Combater o desperd\u00edcio, reduzindo o n\u00famero de minist\u00e9rios e cargos p\u00fablicos e cortando despesas do Estado, bem como mordomias e privil\u00e9gios&#8221;.<\/p>\n<p>CIRO GOMES:<\/p>\n<p>. &#8220;Em caso de qualquer acusa\u00e7\u00e3o ou den\u00fancia (&#8230;), o Ministro ou o ocupante de cargo de confian\u00e7a se afastar\u00e1 voluntariamente da posi\u00e7\u00e3o e pedir\u00e1 uma apura\u00e7\u00e3o independente, sem preju\u00edzo das investiga\u00e7\u00f5es dos \u00f3rg\u00e3os competentes&#8221;.<\/p>\n<p>=== Diplomacia: diga-me com quem andas&#8230; ===<\/p>\n<p>LULA:<\/p>\n<p>. &#8220;Retomar e aprofundar a pol\u00edtica externa de integra\u00e7\u00e3o latino-americana e a coopera\u00e7\u00e3o sul-sul (especialmente com a \u00c1frica)&#8221;.<\/p>\n<p>BOLSONARO:<\/p>\n<p>. &#8220;Deixaremos de louvar ditaduras assassinas e desprezar ou mesmo atacar democracias importantes como EUA, Israel e It\u00e1lia&#8221;.<\/p>\n<p>MARINA SILVA:<\/p>\n<p>.&#8221;A partir de um Mercosul moderno e sem barreiras internas, concluir as negocia\u00e7\u00f5es com a Uni\u00e3o Europeia e com outros parceiros&#8221;.<\/p>\n<p>ALCKMIN:<\/p>\n<p>. &#8220;O Brasil vai defender vigorosamente os valores que prezamos internamente, como a democracia e os direitos humanos, em especial na Am\u00e9rica do Sul&#8221;.<\/p>\n<p>CIRO GOMES:<\/p>\n<p>. &#8220;Os acordos comerciais precisam priorizar o acesso a novas tecnologias e mercados, ajudando-nos a desenvolver a produ\u00e7\u00e3o de bens e servi\u00e7os mais sofisticados&#8221;.<\/p>\n<p><strong><em>AFP\/Foto: Reprodu\u00e7\u00e3o\u00a0<\/em><\/strong><\/p>\n","protected":false},"excerpt":{"rendered":"<p>As propostas dos cinco candidatos mais bem colocados nas pesquisas para as elei\u00e7\u00f5es presidenciais sobre temas que agitam o pa\u00eds, abalado pela crise econ\u00f4mica, a&hellip; <\/p>\n","protected":false},"author":1,"featured_media":63622,"comment_status":"closed","ping_status":"closed","sticky":false,"template":"","format":"standard","meta":{"sfsi_plus_gutenberg_text_before_share":"","sfsi_plus_gutenberg_show_text_before_share":"","sfsi_plus_gutenberg_icon_type":"","sfsi_plus_gutenberg_icon_alignemt":"","sfsi_plus_gutenburg_max_per_row":"","footnotes":""},"categories":[1],"tags":[],"class_list":["post-63621","post","type-post","status-publish","format-standard","has-post-thumbnail","hentry","category-o-site"],"_links":{"self":[{"href":"https:\/\/www.caririemacao.com\/1\/wp-json\/wp\/v2\/posts\/63621","targetHints":{"allow":["GET"]}}],"collection":[{"href":"https:\/\/www.caririemacao.com\/1\/wp-json\/wp\/v2\/posts"}],"about":[{"href":"https:\/\/www.caririemacao.com\/1\/wp-json\/wp\/v2\/types\/post"}],"author":[{"embeddable":true,"href":"https:\/\/www.caririemacao.com\/1\/wp-json\/wp\/v2\/users\/1"}],"replies":[{"embeddable":true,"href":"https:\/\/www.caririemacao.com\/1\/wp-json\/wp\/v2\/comments?post=63621"}],"version-history":[{"count":1,"href":"https:\/\/www.caririemacao.com\/1\/wp-json\/wp\/v2\/posts\/63621\/revisions"}],"predecessor-version":[{"id":63623,"href":"https:\/\/www.caririemacao.com\/1\/wp-json\/wp\/v2\/posts\/63621\/revisions\/63623"}],"wp:featuredmedia":[{"embeddable":true,"href":"https:\/\/www.caririemacao.com\/1\/wp-json\/wp\/v2\/media\/63622"}],"wp:attachment":[{"href":"https:\/\/www.caririemacao.com\/1\/wp-json\/wp\/v2\/media?parent=63621"}],"wp:term":[{"taxonomy":"category","embeddable":true,"href":"https:\/\/www.caririemacao.com\/1\/wp-json\/wp\/v2\/categories?post=63621"},{"taxonomy":"post_tag","embeddable":true,"href":"https:\/\/www.caririemacao.com\/1\/wp-json\/wp\/v2\/tags?post=63621"}],"curies":[{"name":"wp","href":"https:\/\/api.w.org\/{rel}","templated":true}]}}