{"id":63634,"date":"2018-08-31T14:26:52","date_gmt":"2018-08-31T17:26:52","guid":{"rendered":"http:\/\/www.caririemacao.com\/1\/?p=63634"},"modified":"2018-08-31T14:26:52","modified_gmt":"2018-08-31T17:26:52","slug":"registro-da-candidatura-de-lula-entra-na-pauta-do-tse-desta-sexta-feira","status":"publish","type":"post","link":"https:\/\/www.caririemacao.com\/1\/2018\/08\/31\/registro-da-candidatura-de-lula-entra-na-pauta-do-tse-desta-sexta-feira\/","title":{"rendered":"Registro da candidatura de Lula entra na pauta do TSE desta sexta-feira"},"content":{"rendered":"<p>O julgamento do registro da candidatura do ex-presidente Luiz In\u00e1cio Lula da Silva entrou na pauta do Tribunal Superior Eleitoral (TSE) desta sexta-feira (31).<\/p>\n<p>Segundo a assessoria do tribunal, ser\u00e1 julgado o pedido de candidatura em si \u2013 que definir\u00e1 se Lula permanece ou n\u00e3o na disputa \u2013, em conjunto com as diversas contesta\u00e7\u00f5es ao registro. O relator do caso \u00e9 ministro Luis Roberto Barroso.<\/p>\n<p>At\u00e9 o in\u00edcio da tarde desta sexta ainda n\u00e3o havia previs\u00e3o de quando o caso seria julgado. A sess\u00e3o do TSE est\u00e1 marcada para come\u00e7ar \u00e0s 14h30.<\/p>\n<p>Preso desde abril, Lula teve a candidatura registrada em 15 de agosto. Mas, desde ent\u00e3o, o TSE recebeu mais de uma dezena de questionamentos com base na Lei da Ficha Limpa, segundo a qual uma pessoa se torna ineleg\u00edvel ap\u00f3s ser condenada por \u00f3rg\u00e3o colegiado da Justi\u00e7a.<\/p>\n<p>Ao todo, foram apresentadas oito impugna\u00e7\u00f5es (contesta\u00e7\u00f5es) da candidatura (por Minist\u00e9rio P\u00fablico, partidos, coliga\u00e7\u00f5es e candidatos) e oito not\u00edcias de inelegibilidade (por cidad\u00e3os).<\/p>\n<p>Inicialmente, a expectativa que \u00e9 o tribunal analisasse somente pedidos liminares (provis\u00f3rios) para proibir Lula de aparecer na propaganda de r\u00e1dio e TV como candidato, bem como utilizasse recursos p\u00fablicos do Fundo Eleitoral em campanha.<\/p>\n<p>Na madrugada desta sexta (31), o Minist\u00e9rio P\u00fablico pediu a rejei\u00e7\u00e3o antecipada da candidatura, sem necessidade de aguardar os prazos ainda poss\u00edveis para a conclus\u00e3o do processo de registro.<\/p>\n<p>O MP argumentou que, como as campanhas deste ano s\u00e3o integralmente abastecidas com dinheiro p\u00fablico, e como o TSE \u00e9 a \u00fanica inst\u00e2ncia para analisar os registros dos candidatos \u00e0 Presid\u00eancia, a decis\u00e3o poderia ser tomada de forma mais r\u00e1pida.<\/p>\n<p><strong>Blog do Gordinho\u00a0<\/strong><\/p>\n<p>Cariri Em A\u00e7\u00e3o<\/p>\n<p>Leia mais not\u00edcias em\u00a0<a href=\"http:\/\/www.caririemacao.com\/\">caririemacao.com<\/a>, siga nossa p\u00e1gina no\u00a0<a href=\"https:\/\/www.facebook.com\/CaririEmAcao\/?ref=aymt_homepage_panel\">Facebook<\/a>,\u00a0<a href=\"https:\/\/www.instagram.com\/cariri_em_acao\/?hl=pt-br\">Instagram<\/a>\u00a0e\u00a0<a href=\"https:\/\/www.youtube.com\/channel\/UCAptA0jQuYQy8vMhLt2m4qg\">Youtube<\/a>\u00a0e veja nossas mat\u00e9rias, v\u00eddeos e fotos. Voc\u00ea tamb\u00e9m pode enviar informa\u00e7\u00f5es \u00e0 Reda\u00e7\u00e3o do Portal Cariri em A\u00e7\u00e3o pelo WhatsApp (83) 9 9634.5791, (83) 9 9601-1162.<\/p>\n","protected":false},"excerpt":{"rendered":"<p>O julgamento do registro da candidatura do ex-presidente Luiz In\u00e1cio Lula da Silva entrou na pauta do Tribunal Superior Eleitoral (TSE) desta sexta-feira (31). Segundo&hellip; <\/p>\n","protected":false},"author":1,"featured_media":63593,"comment_status":"closed","ping_status":"closed","sticky":false,"template":"","format":"standard","meta":{"sfsi_plus_gutenberg_text_before_share":"","sfsi_plus_gutenberg_show_text_before_share":"","sfsi_plus_gutenberg_icon_type":"","sfsi_plus_gutenberg_icon_alignemt":"","sfsi_plus_gutenburg_max_per_row":"","footnotes":""},"categories":[1],"tags":[],"class_list":["post-63634","post","type-post","status-publish","format-standard","has-post-thumbnail","hentry","category-o-site"],"_links":{"self":[{"href":"https:\/\/www.caririemacao.com\/1\/wp-json\/wp\/v2\/posts\/63634","targetHints":{"allow":["GET"]}}],"collection":[{"href":"https:\/\/www.caririemacao.com\/1\/wp-json\/wp\/v2\/posts"}],"about":[{"href":"https:\/\/www.caririemacao.com\/1\/wp-json\/wp\/v2\/types\/post"}],"author":[{"embeddable":true,"href":"https:\/\/www.caririemacao.com\/1\/wp-json\/wp\/v2\/users\/1"}],"replies":[{"embeddable":true,"href":"https:\/\/www.caririemacao.com\/1\/wp-json\/wp\/v2\/comments?post=63634"}],"version-history":[{"count":1,"href":"https:\/\/www.caririemacao.com\/1\/wp-json\/wp\/v2\/posts\/63634\/revisions"}],"predecessor-version":[{"id":63635,"href":"https:\/\/www.caririemacao.com\/1\/wp-json\/wp\/v2\/posts\/63634\/revisions\/63635"}],"wp:featuredmedia":[{"embeddable":true,"href":"https:\/\/www.caririemacao.com\/1\/wp-json\/wp\/v2\/media\/63593"}],"wp:attachment":[{"href":"https:\/\/www.caririemacao.com\/1\/wp-json\/wp\/v2\/media?parent=63634"}],"wp:term":[{"taxonomy":"category","embeddable":true,"href":"https:\/\/www.caririemacao.com\/1\/wp-json\/wp\/v2\/categories?post=63634"},{"taxonomy":"post_tag","embeddable":true,"href":"https:\/\/www.caririemacao.com\/1\/wp-json\/wp\/v2\/tags?post=63634"}],"curies":[{"name":"wp","href":"https:\/\/api.w.org\/{rel}","templated":true}]}}