{"id":63636,"date":"2018-08-31T14:35:48","date_gmt":"2018-08-31T17:35:48","guid":{"rendered":"http:\/\/www.caririemacao.com\/1\/?p=63636"},"modified":"2018-08-31T14:35:48","modified_gmt":"2018-08-31T17:35:48","slug":"prefeita-lorena-completa-20-meses-de-gestao-com-capacidade-e-trabalho-cheio-de-conquistas","status":"publish","type":"post","link":"https:\/\/www.caririemacao.com\/1\/2018\/08\/31\/prefeita-lorena-completa-20-meses-de-gestao-com-capacidade-e-trabalho-cheio-de-conquistas\/","title":{"rendered":"Prefeita Lorena completa 20 meses de gest\u00e3o com capacidade, e trabalho cheio de conquistas"},"content":{"rendered":"<p style=\"font-weight: 400;\">A prefeita Anna Lorena comemorou nesta sexta feira 20 meses exatos de seu mandato, que se iniciou em Janeiro de 2017.<\/p>\n<p style=\"font-weight: 400;\">A prefeita concedeu entrevista na r\u00e1dio Monteiro FM onde \u00e9 exibido semanalmente o programa institucional da prefeitura municipal.<\/p>\n<p style=\"font-weight: 400;\">Acompanhada de auxiliares de sua gest\u00e3o, a prefeita elencou uma s\u00e9rie de novas a\u00e7\u00f5es a serem implantadas e executadas em todos os recantos do munic\u00edpio, e em diversas \u00e1reas.<\/p>\n<p style=\"font-weight: 400;\">Na sa\u00fade, educa\u00e7\u00e3o, cultura, infraestrutura, esportes, cultura, a\u00e7\u00e3o social e em todos os segmentos, a prefeita anunciou novas a\u00e7\u00f5es e obras, al\u00e9m de elencar um resumo do que j\u00e1 foi executado at\u00e9 agora.<\/p>\n<p style=\"font-weight: 400;\">A prefeita ainda ouviu reivindica\u00e7\u00f5es e tirou d\u00favidas de ouvintes e internautas do programa ao vivo.<\/p>\n<p style=\"font-weight: 400;\">Lorena demonstra a cada dia que passa, preparo, maturidade e garra em seu governo e fez quest\u00e3o de destacar uma das principais marcas do atual momento administrativo que sua gest\u00e3o demonstra: a marca de uma cidade onde todos governam e o bem estar da popula\u00e7\u00e3o do povo e o respeito por todos s\u00e3o prioridade total.<\/p>\n<p style=\"font-weight: 400;\">Lorena colhe os frutos deste amadurecimento administrativo emplacando obras e a\u00e7\u00f5es in\u00e9ditas , al\u00e9m de um outro tanto, onde sua marca pessoal provoca o incremento e melhoria do servi\u00e7o prestado.<\/p>\n<p style=\"font-weight: 400;\"><strong>Blog F\u00c1BIO BRITO<\/strong><\/p>\n<p>Cariri Em A\u00e7\u00e3o<\/p>\n<p>Leia mais not\u00edcias em\u00a0<a href=\"http:\/\/www.caririemacao.com\/\">caririemacao.com<\/a>, siga nossa p\u00e1gina no\u00a0<a href=\"https:\/\/www.facebook.com\/CaririEmAcao\/?ref=aymt_homepage_panel\">Facebook<\/a>,\u00a0<a href=\"https:\/\/www.instagram.com\/cariri_em_acao\/?hl=pt-br\">Instagram<\/a>\u00a0e\u00a0<a href=\"https:\/\/www.youtube.com\/channel\/UCAptA0jQuYQy8vMhLt2m4qg\">Youtube<\/a>\u00a0e veja nossas mat\u00e9rias, v\u00eddeos e fotos. Voc\u00ea tamb\u00e9m pode enviar informa\u00e7\u00f5es \u00e0 Reda\u00e7\u00e3o do Portal Cariri em A\u00e7\u00e3o pelo WhatsApp (83) 9 9634.5791, (83) 9 9601-1162.<\/p>\n","protected":false},"excerpt":{"rendered":"<p>A prefeita Anna Lorena comemorou nesta sexta feira 20 meses exatos de seu mandato, que se iniciou em Janeiro de 2017. A prefeita concedeu entrevista&hellip; <\/p>\n","protected":false},"author":1,"featured_media":16812,"comment_status":"closed","ping_status":"closed","sticky":false,"template":"","format":"standard","meta":{"sfsi_plus_gutenberg_text_before_share":"","sfsi_plus_gutenberg_show_text_before_share":"","sfsi_plus_gutenberg_icon_type":"","sfsi_plus_gutenberg_icon_alignemt":"","sfsi_plus_gutenburg_max_per_row":"","footnotes":""},"categories":[6],"tags":[],"class_list":["post-63636","post","type-post","status-publish","format-standard","has-post-thumbnail","hentry","category-cidades"],"_links":{"self":[{"href":"https:\/\/www.caririemacao.com\/1\/wp-json\/wp\/v2\/posts\/63636","targetHints":{"allow":["GET"]}}],"collection":[{"href":"https:\/\/www.caririemacao.com\/1\/wp-json\/wp\/v2\/posts"}],"about":[{"href":"https:\/\/www.caririemacao.com\/1\/wp-json\/wp\/v2\/types\/post"}],"author":[{"embeddable":true,"href":"https:\/\/www.caririemacao.com\/1\/wp-json\/wp\/v2\/users\/1"}],"replies":[{"embeddable":true,"href":"https:\/\/www.caririemacao.com\/1\/wp-json\/wp\/v2\/comments?post=63636"}],"version-history":[{"count":1,"href":"https:\/\/www.caririemacao.com\/1\/wp-json\/wp\/v2\/posts\/63636\/revisions"}],"predecessor-version":[{"id":63637,"href":"https:\/\/www.caririemacao.com\/1\/wp-json\/wp\/v2\/posts\/63636\/revisions\/63637"}],"wp:featuredmedia":[{"embeddable":true,"href":"https:\/\/www.caririemacao.com\/1\/wp-json\/wp\/v2\/media\/16812"}],"wp:attachment":[{"href":"https:\/\/www.caririemacao.com\/1\/wp-json\/wp\/v2\/media?parent=63636"}],"wp:term":[{"taxonomy":"category","embeddable":true,"href":"https:\/\/www.caririemacao.com\/1\/wp-json\/wp\/v2\/categories?post=63636"},{"taxonomy":"post_tag","embeddable":true,"href":"https:\/\/www.caririemacao.com\/1\/wp-json\/wp\/v2\/tags?post=63636"}],"curies":[{"name":"wp","href":"https:\/\/api.w.org\/{rel}","templated":true}]}}