{"id":63647,"date":"2018-08-31T16:45:26","date_gmt":"2018-08-31T19:45:26","guid":{"rendered":"http:\/\/www.caririemacao.com\/1\/?p=63647"},"modified":"2018-08-31T16:45:26","modified_gmt":"2018-08-31T19:45:26","slug":"camara-de-gurjao-realiza-sessao-nesta-sexta-feira-31","status":"publish","type":"post","link":"https:\/\/www.caririemacao.com\/1\/2018\/08\/31\/camara-de-gurjao-realiza-sessao-nesta-sexta-feira-31\/","title":{"rendered":"C\u00e2mara de Gurj\u00e3o realiza sess\u00e3o nesta sexta-feira (31)"},"content":{"rendered":"<p>A C\u00e2mara de Gurj\u00e3o comunicam a toda \u00e0 popula\u00e7\u00e3o que haver\u00e1 sess\u00e3o ordin\u00e1ria na noite desta nesta sexta-feira (31).<\/p>\n<p>A reuni\u00e3o ter\u00e1 in\u00edcio \u00e0s 19h.<\/p>\n<p>O presidente da C\u00e2mara,Ada\u00edlson Queiroz convida toda popula\u00e7\u00e3o a prestigiar os trabalhos da noite.<\/p>\n<p style=\"text-align: right;\"><em><strong>Reda\u00e7\u00e3o Cariri em A\u00e7\u00e3o\u00a0<\/strong><\/em><\/p>\n","protected":false},"excerpt":{"rendered":"<p>A C\u00e2mara de Gurj\u00e3o comunicam a toda \u00e0 popula\u00e7\u00e3o que haver\u00e1 sess\u00e3o ordin\u00e1ria na noite desta nesta sexta-feira (31). A reuni\u00e3o ter\u00e1 in\u00edcio \u00e0s 19h.&hellip; <\/p>\n","protected":false},"author":1,"featured_media":48100,"comment_status":"closed","ping_status":"closed","sticky":false,"template":"","format":"standard","meta":{"sfsi_plus_gutenberg_text_before_share":"","sfsi_plus_gutenberg_show_text_before_share":"","sfsi_plus_gutenberg_icon_type":"","sfsi_plus_gutenberg_icon_alignemt":"","sfsi_plus_gutenburg_max_per_row":"","footnotes":""},"categories":[2],"tags":[],"class_list":["post-63647","post","type-post","status-publish","format-standard","has-post-thumbnail","hentry","category-geral"],"_links":{"self":[{"href":"https:\/\/www.caririemacao.com\/1\/wp-json\/wp\/v2\/posts\/63647","targetHints":{"allow":["GET"]}}],"collection":[{"href":"https:\/\/www.caririemacao.com\/1\/wp-json\/wp\/v2\/posts"}],"about":[{"href":"https:\/\/www.caririemacao.com\/1\/wp-json\/wp\/v2\/types\/post"}],"author":[{"embeddable":true,"href":"https:\/\/www.caririemacao.com\/1\/wp-json\/wp\/v2\/users\/1"}],"replies":[{"embeddable":true,"href":"https:\/\/www.caririemacao.com\/1\/wp-json\/wp\/v2\/comments?post=63647"}],"version-history":[{"count":2,"href":"https:\/\/www.caririemacao.com\/1\/wp-json\/wp\/v2\/posts\/63647\/revisions"}],"predecessor-version":[{"id":63649,"href":"https:\/\/www.caririemacao.com\/1\/wp-json\/wp\/v2\/posts\/63647\/revisions\/63649"}],"wp:featuredmedia":[{"embeddable":true,"href":"https:\/\/www.caririemacao.com\/1\/wp-json\/wp\/v2\/media\/48100"}],"wp:attachment":[{"href":"https:\/\/www.caririemacao.com\/1\/wp-json\/wp\/v2\/media?parent=63647"}],"wp:term":[{"taxonomy":"category","embeddable":true,"href":"https:\/\/www.caririemacao.com\/1\/wp-json\/wp\/v2\/categories?post=63647"},{"taxonomy":"post_tag","embeddable":true,"href":"https:\/\/www.caririemacao.com\/1\/wp-json\/wp\/v2\/tags?post=63647"}],"curies":[{"name":"wp","href":"https:\/\/api.w.org\/{rel}","templated":true}]}}