{"id":63720,"date":"2018-09-01T09:45:54","date_gmt":"2018-09-01T12:45:54","guid":{"rendered":"http:\/\/www.caririemacao.com\/1\/?p=63720"},"modified":"2018-09-01T09:45:54","modified_gmt":"2018-09-01T12:45:54","slug":"governo-federal-aumenta-para-r-1-006-previsao-para-salario-minimo-em-2019","status":"publish","type":"post","link":"https:\/\/www.caririemacao.com\/1\/2018\/09\/01\/governo-federal-aumenta-para-r-1-006-previsao-para-salario-minimo-em-2019\/","title":{"rendered":"Governo Federal aumenta para R$ 1.006 previs\u00e3o para sal\u00e1rio m\u00ednimo em 2019"},"content":{"rendered":"<p>O aumento das estimativas de infla\u00e7\u00e3o fez o governo revisar para cima o valor do sal\u00e1rio m\u00ednimo para o pr\u00f3ximo ano. A proposta do Or\u00e7amento Geral da Uni\u00e3o para 2019, enviada\u00a0<span id=\"OBJ_PREFIX_DWT211_com_zimbra_date\" role=\"link\">hoje<\/span>\u00a0(31) ao Congresso Nacional, fixou em R$ 1.006 o sal\u00e1rio m\u00ednimo para o primeiro ano do pr\u00f3ximo governo.<\/p>\n<p>Em 2019, a f\u00f3rmula atual de reajuste ser\u00e1 aplicada pela \u00faltima vez. Pela regra, o m\u00ednimo deve ser corrigido pela infla\u00e7\u00e3o do ano anterior, medida pelo \u00cdndice Nacional de Pre\u00e7os ao Consumidor (INPC) mais a varia\u00e7\u00e3o do Produto Interno Bruto (PIB, soma dos bens e dos servi\u00e7os produzidos no pa\u00eds) dos dois anos anteriores.<\/p>\n<p>De acordo com os Minist\u00e9rios da Fazenda e do Planejamento, o valor do m\u00ednimo foi revisado para cima porque a estimativa de infla\u00e7\u00e3o pelo INPC em 2018 passou de 3,3% para 4,2%. O INPC mede a varia\u00e7\u00e3o de pre\u00e7os das fam\u00edlias mais pobres, com renda mensal de um a cinco sal\u00e1rios m\u00ednimos.<\/p>\n<p>A Lei de Diretrizes Or\u00e7ament\u00e1rias (LDO), que fixa par\u00e2metros para o Or\u00e7amento do ano seguinte,\u00a0estabeleceu o sal\u00e1rio m\u00ednimo em R$ 99\u00a0. A previs\u00e3o considerou o crescimento de 1% do PIB de 2017 mais estimativa de infla\u00e7\u00e3o pelo INPC de 3,3%.\u00a0Inicialmente, o governo tinha proposto sal\u00e1rio m\u00ednimo de R$ 1.002.<\/p>\n<p><strong>Blog do Gordinho\u00a0<\/strong><\/p>\n<p>Cariri em A\u00e7\u00e3o<\/p>\n<p>Leia mais not\u00edcias em\u00a0<a href=\"http:\/\/www.caririemacao.com\/\">caririemacao.com<\/a>, siga nossa p\u00e1gina no\u00a0<a href=\"https:\/\/www.facebook.com\/CaririEmAcao\/?ref=aymt_homepage_panel\">Facebook<\/a>,\u00a0<a href=\"https:\/\/www.instagram.com\/cariri_em_acao\/?hl=pt-br\">Instagram<\/a>\u00a0e\u00a0<a href=\"https:\/\/www.youtube.com\/channel\/UCAptA0jQuYQy8vMhLt2m4qg\">Youtube<\/a>\u00a0e veja nossas mat\u00e9rias, v\u00eddeos e fotos. Voc\u00ea tamb\u00e9m pode enviar informa\u00e7\u00f5es \u00e0 Reda\u00e7\u00e3o do Portal Cariri em A\u00e7\u00e3o pelo WhatsApp (83) 9 9634.5791, (83) 9 9601-1162.<\/p>\n","protected":false},"excerpt":{"rendered":"<p>O aumento das estimativas de infla\u00e7\u00e3o fez o governo revisar para cima o valor do sal\u00e1rio m\u00ednimo para o pr\u00f3ximo ano. A proposta do Or\u00e7amento&hellip; <\/p>\n","protected":false},"author":1,"featured_media":55077,"comment_status":"closed","ping_status":"closed","sticky":false,"template":"","format":"standard","meta":{"sfsi_plus_gutenberg_text_before_share":"","sfsi_plus_gutenberg_show_text_before_share":"","sfsi_plus_gutenberg_icon_type":"","sfsi_plus_gutenberg_icon_alignemt":"","sfsi_plus_gutenburg_max_per_row":"","footnotes":""},"categories":[2],"tags":[],"class_list":["post-63720","post","type-post","status-publish","format-standard","has-post-thumbnail","hentry","category-geral"],"_links":{"self":[{"href":"https:\/\/www.caririemacao.com\/1\/wp-json\/wp\/v2\/posts\/63720","targetHints":{"allow":["GET"]}}],"collection":[{"href":"https:\/\/www.caririemacao.com\/1\/wp-json\/wp\/v2\/posts"}],"about":[{"href":"https:\/\/www.caririemacao.com\/1\/wp-json\/wp\/v2\/types\/post"}],"author":[{"embeddable":true,"href":"https:\/\/www.caririemacao.com\/1\/wp-json\/wp\/v2\/users\/1"}],"replies":[{"embeddable":true,"href":"https:\/\/www.caririemacao.com\/1\/wp-json\/wp\/v2\/comments?post=63720"}],"version-history":[{"count":1,"href":"https:\/\/www.caririemacao.com\/1\/wp-json\/wp\/v2\/posts\/63720\/revisions"}],"predecessor-version":[{"id":63721,"href":"https:\/\/www.caririemacao.com\/1\/wp-json\/wp\/v2\/posts\/63720\/revisions\/63721"}],"wp:featuredmedia":[{"embeddable":true,"href":"https:\/\/www.caririemacao.com\/1\/wp-json\/wp\/v2\/media\/55077"}],"wp:attachment":[{"href":"https:\/\/www.caririemacao.com\/1\/wp-json\/wp\/v2\/media?parent=63720"}],"wp:term":[{"taxonomy":"category","embeddable":true,"href":"https:\/\/www.caririemacao.com\/1\/wp-json\/wp\/v2\/categories?post=63720"},{"taxonomy":"post_tag","embeddable":true,"href":"https:\/\/www.caririemacao.com\/1\/wp-json\/wp\/v2\/tags?post=63720"}],"curies":[{"name":"wp","href":"https:\/\/api.w.org\/{rel}","templated":true}]}}