{"id":63727,"date":"2018-09-01T10:45:31","date_gmt":"2018-09-01T13:45:31","guid":{"rendered":"http:\/\/www.caririemacao.com\/1\/?p=63727"},"modified":"2018-09-01T10:45:31","modified_gmt":"2018-09-01T13:45:31","slug":"programa-eleitoral-do-pt-mantem-lula-como-candidato-apos-decisao-do-tse","status":"publish","type":"post","link":"https:\/\/www.caririemacao.com\/1\/2018\/09\/01\/programa-eleitoral-do-pt-mantem-lula-como-candidato-apos-decisao-do-tse\/","title":{"rendered":"Programa eleitoral do PT mant\u00e9m Lula como candidato ap\u00f3s decis\u00e3o do TSE"},"content":{"rendered":"<p>O programa eleitoral do PT deste s\u00e1bado (1\u00ba), transmitido pelas emissoras de r\u00e1dio \u00e0s 7 horas, Luiz In\u00e1cio Lula da Silva foi mantido como o centro das aten\u00e7\u00f5es, mesmo ap\u00f3s decis\u00e3o do Tribunal Superior Eleitoral (TSE) de barrar a sua candidatura.<\/p>\n<p>A finaliza\u00e7\u00e3o dos votos dos ministros da Corte s\u00f3 foi encerrada durante a madrugada, e n\u00e3o houve tempo de alterar o conte\u00fado do programa, de acordo com informa\u00e7\u00f5es do site Metr\u00f3poles.<\/p>\n<p>O TSE tamb\u00e9m determinou que o ex-presidente n\u00e3o pode mais aparecer nas propagandas da sigla como candidato, mesmo que ainda\u00a0exista a possibilidade de recorrer da decis\u00e3o.<\/p>\n<p>No programa de hoje, o PT ressaltou a recomenda\u00e7\u00e3o do comit\u00ea de Direitos Humanos da ONU, que pediu que o Brasil tomasse medidas para garantir os direitos pol\u00edticos do ex-presidente.<\/p>\n<p>Ele est\u00e1 preso desde abril, na sede da Pol\u00edcia Federal, em Curitiba (PR), condenado a 12 anos e um m\u00eas de pris\u00e3o em segunda inst\u00e2ncia, pelos crimes de corrup\u00e7\u00e3o e lavagem de dinheiro, no caso do triplex no Guaruj\u00e1 (SP).<\/p>\n<p>Ontem (31), em sess\u00e3o extraordin\u00e1ria que durou mais de nove horas, seis ministros do TSE votaram contra a candidatura do ex-presidente, com base na Lei da Ficha Limpa. Nos termos do voto do relator, Lu\u00eds Roberto Barroso, que foi acompanhado pela maioria, a decis\u00e3o do plen\u00e1rio do TSE \u00e9 a palavra final sobre a candidatura e passa a valer imediatamente.<\/p>\n<p>Os ministros decidiram, seguindo o voto do relator, que o PT tem dez dias corridos para substituir Lula na cabe\u00e7a da chapa. Enquanto isso n\u00e3o for feito, o partido n\u00e3o pode fazer campanha nem utilizar seu tempo no hor\u00e1rio eleitoral no r\u00e1dio e na TV. O plano B do partido \u00e9 o vice, Fernando Haddad.<\/p>\n<p>Votaram por negar o registro de candidatura o relator do processo, Barroso, al\u00e9m de Rosa Weber, Jorge Mussi, Og Fernandes, Admar Gonzaga e Tarc\u00edsio Vieira. J\u00e1 Edson Fachin reconheceu a inelegibilidade de Lula, mas votou por liberar sua candidatura devido a uma decis\u00e3o do Comit\u00ea de Direitos Humanos da ONU obtida pela defesa.<\/p>\n<p><em><b>Not\u00edcias Ao Minuto\/Foto:Reuters<\/b><\/em><\/p>\n","protected":false},"excerpt":{"rendered":"<p>O programa eleitoral do PT deste s\u00e1bado (1\u00ba), transmitido pelas emissoras de r\u00e1dio \u00e0s 7 horas, Luiz In\u00e1cio Lula da Silva foi mantido como o&hellip; <\/p>\n","protected":false},"author":1,"featured_media":63728,"comment_status":"closed","ping_status":"closed","sticky":false,"template":"","format":"standard","meta":{"sfsi_plus_gutenberg_text_before_share":"","sfsi_plus_gutenberg_show_text_before_share":"","sfsi_plus_gutenberg_icon_type":"","sfsi_plus_gutenberg_icon_alignemt":"","sfsi_plus_gutenburg_max_per_row":"","footnotes":""},"categories":[11],"tags":[],"class_list":["post-63727","post","type-post","status-publish","format-standard","has-post-thumbnail","hentry","category-politica"],"_links":{"self":[{"href":"https:\/\/www.caririemacao.com\/1\/wp-json\/wp\/v2\/posts\/63727","targetHints":{"allow":["GET"]}}],"collection":[{"href":"https:\/\/www.caririemacao.com\/1\/wp-json\/wp\/v2\/posts"}],"about":[{"href":"https:\/\/www.caririemacao.com\/1\/wp-json\/wp\/v2\/types\/post"}],"author":[{"embeddable":true,"href":"https:\/\/www.caririemacao.com\/1\/wp-json\/wp\/v2\/users\/1"}],"replies":[{"embeddable":true,"href":"https:\/\/www.caririemacao.com\/1\/wp-json\/wp\/v2\/comments?post=63727"}],"version-history":[{"count":1,"href":"https:\/\/www.caririemacao.com\/1\/wp-json\/wp\/v2\/posts\/63727\/revisions"}],"predecessor-version":[{"id":63729,"href":"https:\/\/www.caririemacao.com\/1\/wp-json\/wp\/v2\/posts\/63727\/revisions\/63729"}],"wp:featuredmedia":[{"embeddable":true,"href":"https:\/\/www.caririemacao.com\/1\/wp-json\/wp\/v2\/media\/63728"}],"wp:attachment":[{"href":"https:\/\/www.caririemacao.com\/1\/wp-json\/wp\/v2\/media?parent=63727"}],"wp:term":[{"taxonomy":"category","embeddable":true,"href":"https:\/\/www.caririemacao.com\/1\/wp-json\/wp\/v2\/categories?post=63727"},{"taxonomy":"post_tag","embeddable":true,"href":"https:\/\/www.caririemacao.com\/1\/wp-json\/wp\/v2\/tags?post=63727"}],"curies":[{"name":"wp","href":"https:\/\/api.w.org\/{rel}","templated":true}]}}