{"id":64324,"date":"2018-09-08T07:08:45","date_gmt":"2018-09-08T10:08:45","guid":{"rendered":"http:\/\/www.caririemacao.com\/1\/?p=64324"},"modified":"2018-09-08T07:09:03","modified_gmt":"2018-09-08T10:09:03","slug":"justica-determina-execucao-de-bens-do-ex-prefeito-de-camalau-por-realizar-pagamentos-indevidos","status":"publish","type":"post","link":"https:\/\/www.caririemacao.com\/1\/2018\/09\/08\/justica-determina-execucao-de-bens-do-ex-prefeito-de-camalau-por-realizar-pagamentos-indevidos\/","title":{"rendered":"Justi\u00e7a determina execu\u00e7\u00e3o de bens do ex-prefeito de Camala\u00fa por realizar pagamentos indevidos"},"content":{"rendered":"<p>O juiz de direito, da Comarca de Monteiro, Dr. Nilson Dias de Assis Neto, decidiu executar uma multa aplicada pelo Tribunal de Contas do Estado, decorrente de alguns pagamentos realizados irregularmente a empresa Tecplacon &#8211; Tecnologia e Planejamento na Constru\u00e7\u00e3o LTDA \u2013EPP que executou obra em Camala\u00fa.\u00a0 A a\u00e7\u00e3o \u00e9 resultado de uma multa aplicada pelo TCE ao ex-prefeito Jacinto Bezerra da Silva que n\u00e3o foi paga.<\/p>\n<p>A multa aplicada ao ex-prefeito refere-se a alguns servi\u00e7os n\u00e3o executados da reforma da Unidade B\u00e1sica de Sa\u00fade e na constru\u00e7\u00e3o de uma sala de aula na Escola Francisco Chaves, totalizando R$ 6.399,69 e R$ 5.209,40, respectivamente.<\/p>\n<p>Segundo um relat\u00f3rio apresentado pelo TCE, as obras n\u00e3o estavam compat\u00edveis com os referidos pagamentos. Ap\u00f3s an\u00e1lise deste relat\u00f3rio, o \u00f3rg\u00e3o fiscalizador decidiu imputar ao ex-prefeito e a empresa respons\u00e1vel pela execu\u00e7\u00e3o da obra, o ressarcimento do dano causado ao er\u00e1rio p\u00fablico, devolvendo os valores ora efetuados de forma irregular.<\/p>\n<p><img fetchpriority=\"high\" decoding=\"async\" class=\"aligncenter wp-image-64327 size-full\" src=\"http:\/\/www.caririemacao.com\/1\/wp-content\/uploads\/2018\/09\/jacinto.jpg\" alt=\"\" width=\"589\" height=\"540\" srcset=\"https:\/\/www.caririemacao.com\/1\/wp-content\/uploads\/2018\/09\/jacinto.jpg 589w, https:\/\/www.caririemacao.com\/1\/wp-content\/uploads\/2018\/09\/jacinto-300x275.jpg 300w\" sizes=\"(max-width: 589px) 100vw, 589px\" \/><\/p>\n<p>Como as partes envolvidas n\u00e3o fizeram o devido ressarcimento, o TCE ingressou com uma a\u00e7\u00e3o de EXECU\u00c7\u00c3O DE T\u00cdTULO EXTRAJUDICIAL junto ao Tribunal de Justi\u00e7a da Para\u00edba para que os envolvidos fa\u00e7am a devolu\u00e7\u00e3o do dinheiro aos cofres da Prefeitura de Camala\u00fa.<\/p>\n<p>O magistrado deu um prazo de 3 dias para que as partes executadas paguem a d\u00edvida com o munic\u00edpio, dos honor\u00e1rios advocat\u00edcios fixados em 10%, sobre o valor da causa, verba essa que ser\u00e1 reduzida pela metade, caso a parte executada efetue o pagamento no prazo mencionado, caso contr\u00e1rio, os bens dos envolvidos ser\u00e3o penhorados para o devido pagamento do d\u00e9bito atualizado, dos juros, das custas processuais e dos honor\u00e1rios advocat\u00edcio.<\/p>\n<p>CLIQUE NESTE LINK E VEJA DESPACHO:\u00a0<a href=\"http:\/\/www.caririemacao.com\/1\/wp-content\/uploads\/2018\/09\/0800980-80.2017.8.15.0241-PENHORA-DE-BENS-DE-JACINTO.pdf\">0800980-80.2017.8.15.0241 &#8211; PENHORA DE BENS DE JACINTO.<\/a><\/p>\n","protected":false},"excerpt":{"rendered":"<p>O juiz de direito, da Comarca de Monteiro, Dr. Nilson Dias de Assis Neto, decidiu executar uma multa aplicada pelo Tribunal de Contas do Estado,&hellip; <\/p>\n","protected":false},"author":2,"featured_media":64325,"comment_status":"closed","ping_status":"closed","sticky":false,"template":"","format":"standard","meta":{"sfsi_plus_gutenberg_text_before_share":"","sfsi_plus_gutenberg_show_text_before_share":"","sfsi_plus_gutenberg_icon_type":"","sfsi_plus_gutenberg_icon_alignemt":"","sfsi_plus_gutenburg_max_per_row":"","footnotes":""},"categories":[11],"tags":[],"class_list":["post-64324","post","type-post","status-publish","format-standard","has-post-thumbnail","hentry","category-politica"],"_links":{"self":[{"href":"https:\/\/www.caririemacao.com\/1\/wp-json\/wp\/v2\/posts\/64324","targetHints":{"allow":["GET"]}}],"collection":[{"href":"https:\/\/www.caririemacao.com\/1\/wp-json\/wp\/v2\/posts"}],"about":[{"href":"https:\/\/www.caririemacao.com\/1\/wp-json\/wp\/v2\/types\/post"}],"author":[{"embeddable":true,"href":"https:\/\/www.caririemacao.com\/1\/wp-json\/wp\/v2\/users\/2"}],"replies":[{"embeddable":true,"href":"https:\/\/www.caririemacao.com\/1\/wp-json\/wp\/v2\/comments?post=64324"}],"version-history":[{"count":3,"href":"https:\/\/www.caririemacao.com\/1\/wp-json\/wp\/v2\/posts\/64324\/revisions"}],"predecessor-version":[{"id":64330,"href":"https:\/\/www.caririemacao.com\/1\/wp-json\/wp\/v2\/posts\/64324\/revisions\/64330"}],"wp:featuredmedia":[{"embeddable":true,"href":"https:\/\/www.caririemacao.com\/1\/wp-json\/wp\/v2\/media\/64325"}],"wp:attachment":[{"href":"https:\/\/www.caririemacao.com\/1\/wp-json\/wp\/v2\/media?parent=64324"}],"wp:term":[{"taxonomy":"category","embeddable":true,"href":"https:\/\/www.caririemacao.com\/1\/wp-json\/wp\/v2\/categories?post=64324"},{"taxonomy":"post_tag","embeddable":true,"href":"https:\/\/www.caririemacao.com\/1\/wp-json\/wp\/v2\/tags?post=64324"}],"curies":[{"name":"wp","href":"https:\/\/api.w.org\/{rel}","templated":true}]}}