{"id":64341,"date":"2018-09-08T07:13:33","date_gmt":"2018-09-08T10:13:33","guid":{"rendered":"http:\/\/www.caririemacao.com\/1\/?p=64341"},"modified":"2018-09-08T07:12:59","modified_gmt":"2018-09-08T10:12:59","slug":"educacao-para-o-transito-e-tema-do-desfile-civico-da-escola-senador-jose-gaudencio","status":"publish","type":"post","link":"https:\/\/www.caririemacao.com\/1\/2018\/09\/08\/educacao-para-o-transito-e-tema-do-desfile-civico-da-escola-senador-jose-gaudencio\/","title":{"rendered":"Educa\u00e7\u00e3o para o tr\u00e2nsito \u00e9 tema do desfile c\u00edvico da Escola Senador Jos\u00e9 Gaud\u00eancio"},"content":{"rendered":"<p>A Escola Estadual Senador Jos\u00e9 Gaud\u00eancio realizou na tarde desta quinta-feira, (6), um bel\u00edssimo desfile c\u00edvico.<\/p>\n<p><img fetchpriority=\"high\" decoding=\"async\" class=\"aligncenter wp-image-64343 size-full\" src=\"http:\/\/www.caririemacao.com\/1\/wp-content\/uploads\/2018\/09\/IMG_5712.jpg\" alt=\"\" width=\"800\" height=\"533\" srcset=\"https:\/\/www.caririemacao.com\/1\/wp-content\/uploads\/2018\/09\/IMG_5712.jpg 800w, https:\/\/www.caririemacao.com\/1\/wp-content\/uploads\/2018\/09\/IMG_5712-300x200.jpg 300w, https:\/\/www.caririemacao.com\/1\/wp-content\/uploads\/2018\/09\/IMG_5712-768x512.jpg 768w\" sizes=\"(max-width: 800px) 100vw, 800px\" \/><\/p>\n<p>O desfile percorreu as principais ruas da cidade atraindo um grande n\u00famero de pessoas a avenida deputado \u00c1lvaro Gaud\u00eancio, principal rua da cidade, o desfile teve como tema Educa\u00e7\u00e3o para o tr\u00e2nsito, o que atraiu a aten\u00e7\u00e3o de todo p\u00fablico presente.<\/p>\n<p><img decoding=\"async\" class=\"alignnone wp-image-64344 size-full lazyload\" data-src=\"http:\/\/www.caririemacao.com\/1\/wp-content\/uploads\/2018\/09\/IMG_5773.jpg\" alt=\"\" width=\"800\" height=\"533\" data-srcset=\"https:\/\/www.caririemacao.com\/1\/wp-content\/uploads\/2018\/09\/IMG_5773.jpg 800w, https:\/\/www.caririemacao.com\/1\/wp-content\/uploads\/2018\/09\/IMG_5773-300x200.jpg 300w, https:\/\/www.caririemacao.com\/1\/wp-content\/uploads\/2018\/09\/IMG_5773-768x512.jpg 768w\" data-sizes=\"(max-width: 800px) 100vw, 800px\" src=\"data:image\/svg+xml;base64,PHN2ZyB3aWR0aD0iMSIgaGVpZ2h0PSIxIiB4bWxucz0iaHR0cDovL3d3dy53My5vcmcvMjAwMC9zdmciPjwvc3ZnPg==\" style=\"--smush-placeholder-width: 800px; --smush-placeholder-aspect-ratio: 800\/533;\" \/><\/p>\n<p>Tamb\u00e9m desfilou no dia de ontem a Escola Castelo Encantado que abordou o Tema: Lugar de mulher \u00e9 onde ela quiser.<img decoding=\"async\" class=\"aligncenter wp-image-64345 size-full lazyload\" data-src=\"http:\/\/www.caririemacao.com\/1\/wp-content\/uploads\/2018\/09\/IMG_5787.jpg\" alt=\"\" width=\"800\" height=\"533\" data-srcset=\"https:\/\/www.caririemacao.com\/1\/wp-content\/uploads\/2018\/09\/IMG_5787.jpg 800w, https:\/\/www.caririemacao.com\/1\/wp-content\/uploads\/2018\/09\/IMG_5787-300x200.jpg 300w, https:\/\/www.caririemacao.com\/1\/wp-content\/uploads\/2018\/09\/IMG_5787-768x512.jpg 768w\" data-sizes=\"(max-width: 800px) 100vw, 800px\" src=\"data:image\/svg+xml;base64,PHN2ZyB3aWR0aD0iMSIgaGVpZ2h0PSIxIiB4bWxucz0iaHR0cDovL3d3dy53My5vcmcvMjAwMC9zdmciPjwvc3ZnPg==\" style=\"--smush-placeholder-width: 800px; --smush-placeholder-aspect-ratio: 800\/533;\" \/><\/p>\n<p>Os pelot\u00f5es fizeram lembran\u00e7a a nomes de mulheres que marcaram a hist\u00f3ria do Brasil a exemplo da ex-presidente Dilma Rousseff, Tarsila do Amaral, Zilda Arns, Dorothy Stang, Raquel de Queiroz e outras.<\/p>\n<h1 style=\"text-align: center;\"><a href=\"https:\/\/www.facebook.com\/pg\/CaririEmAcao\/photos\/?tab=album&amp;album_id=1356897734446246\">Escola Senador Jos\u00e9 Gaud\u00eancio e da Escola Castelo Encantado\u00a0<\/a><\/h1>\n<p><div class=\"ose- ose-uid-6a54825456d8d2ff0ee2852a22b6431d ose-embedpress-responsive\" style=\"width:600px; height:550px; max-height:550px; max-width:100%; display:inline-block;\" data-embed-type=\"Facebook\"><iframe allowFullScreen=\"true\" class=\"embera-facebook-iframe-6d98f lazyload\" data-src=\"https:\/\/www.facebook.com\/plugins\/post.php?href=https%3A%2F%2Fwww.facebook.com%2Fmedia%2Fset%2F%3Fset%3Da.1356897734446246%26%23038%3Btype%3D1%26%23038%3Bl%3Dfb296ec586&width=600&height=550&show_text=true\" width=\"600\" height=\"550\" style=\"border:none;overflow:hidden\" scrolling=\"no\" frameborder=\"0\" allowTransparency=\"true\" src=\"data:image\/svg+xml;base64,PHN2ZyB3aWR0aD0iMSIgaGVpZ2h0PSIxIiB4bWxucz0iaHR0cDovL3d3dy53My5vcmcvMjAwMC9zdmciPjwvc3ZnPg==\" data-load-mode=\"1\"><\/iframe><\/div><\/p>\n","protected":false},"excerpt":{"rendered":"<p>A Escola Estadual Senador Jos\u00e9 Gaud\u00eancio realizou na tarde desta quinta-feira, (6), um bel\u00edssimo desfile c\u00edvico. O desfile percorreu as principais ruas da cidade atraindo&hellip; <\/p>\n","protected":false},"author":1,"featured_media":64342,"comment_status":"closed","ping_status":"closed","sticky":false,"template":"","format":"standard","meta":{"sfsi_plus_gutenberg_text_before_share":"","sfsi_plus_gutenberg_show_text_before_share":"","sfsi_plus_gutenberg_icon_type":"","sfsi_plus_gutenberg_icon_alignemt":"","sfsi_plus_gutenburg_max_per_row":"","footnotes":""},"categories":[6],"tags":[],"class_list":["post-64341","post","type-post","status-publish","format-standard","has-post-thumbnail","hentry","category-cidades"],"_links":{"self":[{"href":"https:\/\/www.caririemacao.com\/1\/wp-json\/wp\/v2\/posts\/64341","targetHints":{"allow":["GET"]}}],"collection":[{"href":"https:\/\/www.caririemacao.com\/1\/wp-json\/wp\/v2\/posts"}],"about":[{"href":"https:\/\/www.caririemacao.com\/1\/wp-json\/wp\/v2\/types\/post"}],"author":[{"embeddable":true,"href":"https:\/\/www.caririemacao.com\/1\/wp-json\/wp\/v2\/users\/1"}],"replies":[{"embeddable":true,"href":"https:\/\/www.caririemacao.com\/1\/wp-json\/wp\/v2\/comments?post=64341"}],"version-history":[{"count":1,"href":"https:\/\/www.caririemacao.com\/1\/wp-json\/wp\/v2\/posts\/64341\/revisions"}],"predecessor-version":[{"id":64346,"href":"https:\/\/www.caririemacao.com\/1\/wp-json\/wp\/v2\/posts\/64341\/revisions\/64346"}],"wp:featuredmedia":[{"embeddable":true,"href":"https:\/\/www.caririemacao.com\/1\/wp-json\/wp\/v2\/media\/64342"}],"wp:attachment":[{"href":"https:\/\/www.caririemacao.com\/1\/wp-json\/wp\/v2\/media?parent=64341"}],"wp:term":[{"taxonomy":"category","embeddable":true,"href":"https:\/\/www.caririemacao.com\/1\/wp-json\/wp\/v2\/categories?post=64341"},{"taxonomy":"post_tag","embeddable":true,"href":"https:\/\/www.caririemacao.com\/1\/wp-json\/wp\/v2\/tags?post=64341"}],"curies":[{"name":"wp","href":"https:\/\/api.w.org\/{rel}","templated":true}]}}