{"id":64364,"date":"2018-09-08T07:12:23","date_gmt":"2018-09-08T10:12:23","guid":{"rendered":"http:\/\/www.caririemacao.com\/1\/?p=64364"},"modified":"2018-09-08T07:11:31","modified_gmt":"2018-09-08T10:11:31","slug":"prefeita-anna-lorena-participa-de-abertura-das-festividades-da-padroeira-de-monteiro","status":"publish","type":"post","link":"https:\/\/www.caririemacao.com\/1\/2018\/09\/08\/prefeita-anna-lorena-participa-de-abertura-das-festividades-da-padroeira-de-monteiro\/","title":{"rendered":"Prefeita Anna Lorena participa de abertura das festividades da Padroeira de Monteiro"},"content":{"rendered":"<p>A prefeita Anna Lorena participou na noite desta quinta-feira, 6, da abertura das festividades da Festa de Nossa Senhora das Dores, Padroeira do munic\u00edpio de Monteiro.<\/p>\n<p>A solenidade aconteceu \u00e0s 19 horas, em frente a Igreja Matriz com o Hasteamento das Bandeiras e apresenta\u00e7\u00e3o da Banda Filarm\u00f4nica Sebasti\u00e3o de Oliveira Brito, e contou com a presen\u00e7a de diversas autoridade eclesi\u00e1sticas, entre elas o Padre Jos\u00e9 Marcos e do Bispo Diocesano de Campina Grande Dulc\u00eanio Fontes de Matos.<\/p>\n<p>Ap\u00f3s o hasteamento das bandeiras foi celebrada uma missa com a participa\u00e7\u00e3o de diversos padres das par\u00f3quias do Cariri paraibano com o tema: Maria, Onipot\u00eancia suplicante.<\/p>\n<p>O evento religioso de abertura da Festa de Nossa Senhora das Dores, que acontece at\u00e9 o dia 15 de setembro, quando acontece a tradicional prociss\u00e3o, tem a organiza\u00e7\u00e3o das comunidades cat\u00f3licas, Conselho Pastoral Paroquial e Minist\u00e9rios da M\u00fasica.<\/p>\n<p><strong>Cariri Ligado\u00a0<\/strong><\/p>\n<p>Cariri Em A\u00e7\u00e3o<\/p>\n<p>Leia mais not\u00edcias em\u00a0<a href=\"http:\/\/www.caririemacao.com\/\">caririemacao.com<\/a>, siga nossa p\u00e1gina no\u00a0<a href=\"https:\/\/www.facebook.com\/CaririEmAcao\/?ref=aymt_homepage_panel\">Facebook<\/a>,\u00a0<a href=\"https:\/\/www.instagram.com\/cariri_em_acao\/?hl=pt-br\">Instagram<\/a>\u00a0e\u00a0<a href=\"https:\/\/www.youtube.com\/channel\/UCAptA0jQuYQy8vMhLt2m4qg\">Youtube<\/a>\u00a0e veja nossas mat\u00e9rias, v\u00eddeos e fotos. Voc\u00ea tamb\u00e9m pode enviar informa\u00e7\u00f5es \u00e0 Reda\u00e7\u00e3o do Portal Cariri em A\u00e7\u00e3o pelo WhatsApp (83) 9 9634.5791, (83) 9 9601-1162.<\/p>\n","protected":false},"excerpt":{"rendered":"<p>A prefeita Anna Lorena participou na noite desta quinta-feira, 6, da abertura das festividades da Festa de Nossa Senhora das Dores, Padroeira do munic\u00edpio de&hellip; <\/p>\n","protected":false},"author":1,"featured_media":55561,"comment_status":"closed","ping_status":"closed","sticky":false,"template":"","format":"standard","meta":{"sfsi_plus_gutenberg_text_before_share":"","sfsi_plus_gutenberg_show_text_before_share":"","sfsi_plus_gutenberg_icon_type":"","sfsi_plus_gutenberg_icon_alignemt":"","sfsi_plus_gutenburg_max_per_row":"","footnotes":""},"categories":[2],"tags":[],"class_list":["post-64364","post","type-post","status-publish","format-standard","has-post-thumbnail","hentry","category-geral"],"_links":{"self":[{"href":"https:\/\/www.caririemacao.com\/1\/wp-json\/wp\/v2\/posts\/64364","targetHints":{"allow":["GET"]}}],"collection":[{"href":"https:\/\/www.caririemacao.com\/1\/wp-json\/wp\/v2\/posts"}],"about":[{"href":"https:\/\/www.caririemacao.com\/1\/wp-json\/wp\/v2\/types\/post"}],"author":[{"embeddable":true,"href":"https:\/\/www.caririemacao.com\/1\/wp-json\/wp\/v2\/users\/1"}],"replies":[{"embeddable":true,"href":"https:\/\/www.caririemacao.com\/1\/wp-json\/wp\/v2\/comments?post=64364"}],"version-history":[{"count":1,"href":"https:\/\/www.caririemacao.com\/1\/wp-json\/wp\/v2\/posts\/64364\/revisions"}],"predecessor-version":[{"id":64365,"href":"https:\/\/www.caririemacao.com\/1\/wp-json\/wp\/v2\/posts\/64364\/revisions\/64365"}],"wp:featuredmedia":[{"embeddable":true,"href":"https:\/\/www.caririemacao.com\/1\/wp-json\/wp\/v2\/media\/55561"}],"wp:attachment":[{"href":"https:\/\/www.caririemacao.com\/1\/wp-json\/wp\/v2\/media?parent=64364"}],"wp:term":[{"taxonomy":"category","embeddable":true,"href":"https:\/\/www.caririemacao.com\/1\/wp-json\/wp\/v2\/categories?post=64364"},{"taxonomy":"post_tag","embeddable":true,"href":"https:\/\/www.caririemacao.com\/1\/wp-json\/wp\/v2\/tags?post=64364"}],"curies":[{"name":"wp","href":"https:\/\/api.w.org\/{rel}","templated":true}]}}