{"id":64379,"date":"2018-09-07T17:35:04","date_gmt":"2018-09-07T20:35:04","guid":{"rendered":"http:\/\/www.caririemacao.com\/1\/?p=64379"},"modified":"2018-09-07T17:35:04","modified_gmt":"2018-09-07T20:35:04","slug":"flavio-bolsonaro-diz-que-pai-nao-deve-voltar-a-fazer-campanha-nas-ruas","status":"publish","type":"post","link":"https:\/\/www.caririemacao.com\/1\/2018\/09\/07\/flavio-bolsonaro-diz-que-pai-nao-deve-voltar-a-fazer-campanha-nas-ruas\/","title":{"rendered":"Fl\u00e1vio Bolsonaro diz que pai n\u00e3o deve voltar a fazer campanha nas ruas"},"content":{"rendered":"<p>Filho do presidenci\u00e1vel Jair Bolsonaro, 63, Fl\u00e1vio Bolsonaro, 37, afirmou nesta sexta-feira (7), em um v\u00eddeo ao vivo veiculado no Facebook, que o pai n\u00e3o deve voltar a fazer campanha nas ruas.<\/p>\n<p>\u201cEle est\u00e1 numa situa\u00e7\u00e3o delicada e com dificuldade de falar. [\u2026] Mas podem ter certeza de uma coisa: ele est\u00e1 l\u00e1 se recuperando, provavelmente n\u00e3o consegue mais ir para as ruas nessa campanha. Ele n\u00e3o pode ir \u00e0s ruas, mas n\u00f3s podemos\u201d, disse.<\/p>\n<p>O candidato \u00e0 Presid\u00eancia do PSL foi atacado com uma faca em Juiz de Fora (MG), onde foi submetido a uma cirurgia na Santa Casa da cidade. Nesta sexta (7), um dia ap\u00f3s o ocorrido, Bolsonaro foi transferido para o hospital Albert Einstein, em S\u00e3o Paulo.<\/p>\n<p>No v\u00eddeo, Fl\u00e1vio, que \u00e9 candidato a senador, agradeceu aos m\u00e9dicos e \u00e0s pessoas que manifestaram carinho, e negou que o pai seja \u201cintolerante\u201d, como, segundo disse, ele est\u00e1 sendo acusado nas redes sociais.<\/p>\n<p>\u201cA gente nunca agiu de viol\u00eancia com ningu\u00e9m, sempre discutimos no campo das ideias e sempre fomos muito respeitosos\u201d, afirmou.<\/p>\n<p>Fl\u00e1vio tamb\u00e9m criticou a imprensa, que, segundo ele, tem responsabilidade no atentado contra seu pai.<\/p>\n<p>\u201cN\u00e3o adianta, ele n\u00e3o \u00e9 esse monstros que voc\u00eas querem passar para a popula\u00e7\u00e3o. Voc\u00eas podem ter motivado o cara a dar uma facada nele. Vai que ele acredita que o Bolsonaro \u00e9 todo esse monstro que voc\u00eas falam que ele \u00e9 e que acusam ele o tempo inteiro. [\u2026] Voc\u00eas da grande m\u00eddia t\u00eam responsabilidade tamb\u00e9m.\u201d<\/p>\n<p>Exaltado, Fl\u00e1vio citou a Folha de S.Paulo. \u201cEu fico imaginando como que \u00e9 a Reda\u00e7\u00e3o da Folha de S.Paulo, por exemplo. Aquele bando de incompetente querendo ver quem \u2018lacra\u2019 primeiro em cima do Bolsonaro. Que papel rid\u00edculo que voc\u00eas fazem. Voc\u00eas envergonham a imprensa brasileira. Parem de distorcer os fatos, divulguem a verdade. Querem criticar, critiquem, mas critiquem em cima de algo que realmente aconteceu.\u201d<\/p>\n<p>Ap\u00f3s cerca de 16 minutos, Fl\u00e1vio encerrou o v\u00eddeo chorando. Ele pediu desculpas \u201cpelo desabafo\u201d e afirmou que queria apenas agradecer.<\/p>\n<p><strong>Para\u00edba Online\u00a0<\/strong><\/p>\n<p>Cariri Em A\u00e7\u00e3o<\/p>\n<p>Leia mais not\u00edcias em\u00a0<a href=\"http:\/\/www.caririemacao.com\/\">caririemacao.com<\/a>, siga nossa p\u00e1gina no\u00a0<a href=\"https:\/\/www.facebook.com\/CaririEmAcao\/?ref=aymt_homepage_panel\">Facebook<\/a>,\u00a0<a href=\"https:\/\/www.instagram.com\/cariri_em_acao\/?hl=pt-br\">Instagram<\/a>\u00a0e\u00a0<a href=\"https:\/\/www.youtube.com\/channel\/UCAptA0jQuYQy8vMhLt2m4qg\">Youtube<\/a>\u00a0e veja nossas mat\u00e9rias, v\u00eddeos e fotos. Voc\u00ea tamb\u00e9m pode enviar informa\u00e7\u00f5es \u00e0 Reda\u00e7\u00e3o do Portal Cariri em A\u00e7\u00e3o pelo WhatsApp (83) 9 9634.5791, (83) 9 9601-1162.<\/p>\n","protected":false},"excerpt":{"rendered":"<p>Filho do presidenci\u00e1vel Jair Bolsonaro, 63, Fl\u00e1vio Bolsonaro, 37, afirmou nesta sexta-feira (7), em um v\u00eddeo ao vivo veiculado no Facebook, que o pai n\u00e3o&hellip; <\/p>\n","protected":false},"author":1,"featured_media":13412,"comment_status":"closed","ping_status":"closed","sticky":false,"template":"","format":"standard","meta":{"sfsi_plus_gutenberg_text_before_share":"","sfsi_plus_gutenberg_show_text_before_share":"","sfsi_plus_gutenberg_icon_type":"","sfsi_plus_gutenberg_icon_alignemt":"","sfsi_plus_gutenburg_max_per_row":"","footnotes":""},"categories":[1],"tags":[],"class_list":["post-64379","post","type-post","status-publish","format-standard","has-post-thumbnail","hentry","category-o-site"],"_links":{"self":[{"href":"https:\/\/www.caririemacao.com\/1\/wp-json\/wp\/v2\/posts\/64379","targetHints":{"allow":["GET"]}}],"collection":[{"href":"https:\/\/www.caririemacao.com\/1\/wp-json\/wp\/v2\/posts"}],"about":[{"href":"https:\/\/www.caririemacao.com\/1\/wp-json\/wp\/v2\/types\/post"}],"author":[{"embeddable":true,"href":"https:\/\/www.caririemacao.com\/1\/wp-json\/wp\/v2\/users\/1"}],"replies":[{"embeddable":true,"href":"https:\/\/www.caririemacao.com\/1\/wp-json\/wp\/v2\/comments?post=64379"}],"version-history":[{"count":1,"href":"https:\/\/www.caririemacao.com\/1\/wp-json\/wp\/v2\/posts\/64379\/revisions"}],"predecessor-version":[{"id":64380,"href":"https:\/\/www.caririemacao.com\/1\/wp-json\/wp\/v2\/posts\/64379\/revisions\/64380"}],"wp:featuredmedia":[{"embeddable":true,"href":"https:\/\/www.caririemacao.com\/1\/wp-json\/wp\/v2\/media\/13412"}],"wp:attachment":[{"href":"https:\/\/www.caririemacao.com\/1\/wp-json\/wp\/v2\/media?parent=64379"}],"wp:term":[{"taxonomy":"category","embeddable":true,"href":"https:\/\/www.caririemacao.com\/1\/wp-json\/wp\/v2\/categories?post=64379"},{"taxonomy":"post_tag","embeddable":true,"href":"https:\/\/www.caririemacao.com\/1\/wp-json\/wp\/v2\/tags?post=64379"}],"curies":[{"name":"wp","href":"https:\/\/api.w.org\/{rel}","templated":true}]}}