{"id":64388,"date":"2018-09-08T07:11:45","date_gmt":"2018-09-08T10:11:45","guid":{"rendered":"http:\/\/www.caririemacao.com\/1\/?p=64388"},"modified":"2018-09-08T07:10:42","modified_gmt":"2018-09-08T10:10:42","slug":"prefeitura-de-sao-jose-dos-cordeiros-realiza-sorteio-de-barraqueiros-do-x-festival-do-mel","status":"publish","type":"post","link":"https:\/\/www.caririemacao.com\/1\/2018\/09\/08\/prefeitura-de-sao-jose-dos-cordeiros-realiza-sorteio-de-barraqueiros-do-x-festival-do-mel\/","title":{"rendered":"Prefeitura de S\u00e3o Jos\u00e9 dos Cordeiros realiza sorteio de barraqueiros do X Festival do Mel"},"content":{"rendered":"<p>Foi realizado nesta quinta-feira (06) pela Prefeitura de S\u00e3o Jos\u00e9 dos Cordeiros o sorteio dos barraqueiros que estar\u00e3o autorizados a comercializar durante o Festival do Mel 2018. Foram sorteados, como previsto em edital, 40 comerciantes e foi ainda definido no mesmo sorteio a localiza\u00e7\u00e3o de seus estandes que ficar\u00e3o instalados entre o Mercado P\u00fablico e a Pra\u00e7a S\u00e3o Jos\u00e9.<\/p>\n<p>Os comerciantes sorteados (ver lista abaixo) deve procurar \u00e0 sede da Prefeitura para pagar a taxa de instala\u00e7\u00e3o de sua barraca e receber todas as orienta\u00e7\u00f5es necess\u00e1rias da organiza\u00e7\u00e3o.<\/p>\n<p>&nbsp;<\/p>\n<p>O sorteio foi realizado na presen\u00e7a de alguns dos comerciantes cadastrados e acompanhado pela equipe organizadora do X Festival do Mel.<\/p>\n<p>Um dos maiores eventos tem\u00e1ticos da Para\u00edba, o Festival do Mel 2018 promete ser o maior j\u00e1 realizado e acontecer\u00e1 entre os dias 20 e 23 de setembro. J\u00e1 est\u00e3o confirmados para este ano shows com M\u00e1rcia Felipe, Devinho Novaes, Luan Estilizado e Alcimar Monteiro.<\/p>\n<p>Veja a lista dos barraqueiros sorteados:<\/p>\n<p>NOME DO COMERCIANTE N\u00ba DA VAGA<br \/>\nMARIA ALVES DE MORAIS 01<br \/>\nELTON JOHN FERNANDES PEREIRA 02<br \/>\nADENOR SOARES NOGUEIRA 03<br \/>\nVALDELANI C\u00c2NDIDO DA SILVA 04<br \/>\nJHONY WESLEY MORAES DOS SANTOS 05<br \/>\nJOS\u00c9 PETR\u00d4NIO SILVA ARA\u00daJO 06<br \/>\nTATIELE DE OLIVEIRA SANTOS 07<br \/>\nMARIA GIRLENE QUEIROZ DE JESUS 08<br \/>\nVANDERLEI DOS SANTOS RICARDO 09<br \/>\nBRUNA LUISE FERREIRA BARBOSA 10<br \/>\nRUI CARLOS BARBOSA DE LIMA 11<br \/>\nDEUSADIANA BEZERRA PEDROSA 12<br \/>\nRAIMUNDA IRAILDA BEZERRA GOMES 13<br \/>\nS\u00c2MIA M\u00c1XIMO MORAIS 14<br \/>\nGILVAN JO\u00c3O DA SILVA 15<br \/>\nJO\u00c3O BOSCO ARA\u00daJO DA COSTA 16<br \/>\nJANEJUNSO PIRES DA SILVA 17<br \/>\nROG\u00c9RIO OLIVEIRA DE SOUZA 18<br \/>\nCARLOS AUGUSTO ALVES DOS SANTOS 19<br \/>\nEDSANDRA DE SOUZA CAETANO 20<br \/>\nKELWEN ANDERSON DOS SANTOS BORGES 21<br \/>\nEDINALDO SOUSA 22<br \/>\nJOS\u00c9 MENDES DE BRITO 23<br \/>\nMARIA LUCILENE DA SILVA 24<br \/>\nHUMBERTO DE SOUZA CAETANO 25<br \/>\nNILSON ANDRADE DE SOUZA 26<br \/>\nROSA MARIA FEITOSA DE LIMA 27<br \/>\nJOS\u00c9 CAMILO DE OLIVEIRA 28<br \/>\nMARCELO DA SILVA RODRIGUES 29<br \/>\nTELMA MARIA NUNES DE SOUZA 30<br \/>\nALEXANDRE JOS\u00c9 MOTA CUNHA 31<br \/>\nEULINA GOUVEIA DA SILVA PEREIRA 32<br \/>\nDI\u00d3GENES SOARES DE OLIVEIRA NETO 33<br \/>\nCASSIANO MESSIAS DE SOUZA 34<br \/>\nGABRIELLE DOS SANTOS AMORIM 35<br \/>\nPATR\u00cdCIA FERREIRA DA SILVA 36<br \/>\nKARINA DAIANA PAZ DE SOUZA 37<br \/>\nELDER BORGES DA SILVA 38<br \/>\nADEILSON LIMA BARROS 39<br \/>\nMARCONE BERNARDINO DA SILVA 40<\/p>\n<p><strong>Cariri Ligado\u00a0<\/strong><\/p>\n<p>Cariri Em A\u00e7\u00e3o<\/p>\n<p>Leia mais not\u00edcias em\u00a0<a href=\"http:\/\/www.caririemacao.com\/\">caririemacao.com<\/a>, siga nossa p\u00e1gina no\u00a0<a href=\"https:\/\/www.facebook.com\/CaririEmAcao\/?ref=aymt_homepage_panel\">Facebook<\/a>,\u00a0<a href=\"https:\/\/www.instagram.com\/cariri_em_acao\/?hl=pt-br\">Instagram<\/a>\u00a0e\u00a0<a href=\"https:\/\/www.youtube.com\/channel\/UCAptA0jQuYQy8vMhLt2m4qg\">Youtube<\/a>\u00a0e veja nossas mat\u00e9rias, v\u00eddeos e fotos. Voc\u00ea tamb\u00e9m pode enviar informa\u00e7\u00f5es \u00e0 Reda\u00e7\u00e3o do Portal Cariri em A\u00e7\u00e3o pelo WhatsApp (83) 9 9634.5791, (83) 9 9601-1162.<\/p>\n","protected":false},"excerpt":{"rendered":"<p>Foi realizado nesta quinta-feira (06) pela Prefeitura de S\u00e3o Jos\u00e9 dos Cordeiros o sorteio dos barraqueiros que estar\u00e3o autorizados a comercializar durante o Festival do&hellip; <\/p>\n","protected":false},"author":1,"featured_media":26851,"comment_status":"closed","ping_status":"closed","sticky":false,"template":"","format":"standard","meta":{"sfsi_plus_gutenberg_text_before_share":"","sfsi_plus_gutenberg_show_text_before_share":"","sfsi_plus_gutenberg_icon_type":"","sfsi_plus_gutenberg_icon_alignemt":"","sfsi_plus_gutenburg_max_per_row":"","footnotes":""},"categories":[6],"tags":[],"class_list":["post-64388","post","type-post","status-publish","format-standard","has-post-thumbnail","hentry","category-cidades"],"_links":{"self":[{"href":"https:\/\/www.caririemacao.com\/1\/wp-json\/wp\/v2\/posts\/64388","targetHints":{"allow":["GET"]}}],"collection":[{"href":"https:\/\/www.caririemacao.com\/1\/wp-json\/wp\/v2\/posts"}],"about":[{"href":"https:\/\/www.caririemacao.com\/1\/wp-json\/wp\/v2\/types\/post"}],"author":[{"embeddable":true,"href":"https:\/\/www.caririemacao.com\/1\/wp-json\/wp\/v2\/users\/1"}],"replies":[{"embeddable":true,"href":"https:\/\/www.caririemacao.com\/1\/wp-json\/wp\/v2\/comments?post=64388"}],"version-history":[{"count":1,"href":"https:\/\/www.caririemacao.com\/1\/wp-json\/wp\/v2\/posts\/64388\/revisions"}],"predecessor-version":[{"id":64390,"href":"https:\/\/www.caririemacao.com\/1\/wp-json\/wp\/v2\/posts\/64388\/revisions\/64390"}],"wp:featuredmedia":[{"embeddable":true,"href":"https:\/\/www.caririemacao.com\/1\/wp-json\/wp\/v2\/media\/26851"}],"wp:attachment":[{"href":"https:\/\/www.caririemacao.com\/1\/wp-json\/wp\/v2\/media?parent=64388"}],"wp:term":[{"taxonomy":"category","embeddable":true,"href":"https:\/\/www.caririemacao.com\/1\/wp-json\/wp\/v2\/categories?post=64388"},{"taxonomy":"post_tag","embeddable":true,"href":"https:\/\/www.caririemacao.com\/1\/wp-json\/wp\/v2\/tags?post=64388"}],"curies":[{"name":"wp","href":"https:\/\/api.w.org\/{rel}","templated":true}]}}