{"id":64397,"date":"2018-09-08T07:08:06","date_gmt":"2018-09-08T10:08:06","guid":{"rendered":"http:\/\/www.caririemacao.com\/1\/?p=64397"},"modified":"2018-09-08T07:07:25","modified_gmt":"2018-09-08T10:07:25","slug":"secretaria-de-educacao-de-amparo-realizou-evento-em-comemoracao-aos-196-anos-de-independencia-do-brasil","status":"publish","type":"post","link":"https:\/\/www.caririemacao.com\/1\/2018\/09\/08\/secretaria-de-educacao-de-amparo-realizou-evento-em-comemoracao-aos-196-anos-de-independencia-do-brasil\/","title":{"rendered":"Secretaria de Educa\u00e7\u00e3o de Amparo realizou evento em comemora\u00e7\u00e3o aos 196 anos de Independ\u00eancia do Brasil"},"content":{"rendered":"<p>A Secretaria Municipal de Educa\u00e7\u00e3o de Amparo em parceria com as Escolas Juvenal Ferreira de Brito e Ildefonso Anselmo da Silva realizaram um belo evento em comemora\u00e7\u00e3o aos 196 anos de Independ\u00eancia do Brasil. O evento foi realizado nesta quinta-feira (06) e teve como tema o projeto \u201cNossa For\u00e7a \u00e9 o Nosso Povo\u201d, alusivo ao dia 07 de Setembro.<br \/>\nTivemos a participa\u00e7\u00e3o da Fanfarra Pedro Vianna da Cidade de Ouro Velho al\u00e9m de muitas apresenta\u00e7\u00f5es desenvolvidas pelos professores juntos com seus alunos.<\/p>\n<p>O prefeito In\u00e1cio N\u00f3brega esteve presente, junto com a Secret\u00e1ria de Educa\u00e7\u00e3o Fabiana Feitosa e toda equipe da Educa\u00e7\u00e3o do munic\u00edpio, al\u00e9m dos secret\u00e1rios.<\/p>\n<p>Veja \u00e0s Fotos: https:\/\/www.facebook.com\/pg\/amparoligado\/photos\/?tab=album&amp;album_id=1364710570298107<\/p>\n<p><strong>Amparo Ligado\u00a0<\/strong><\/p>\n<p>Cariri Em A\u00e7\u00e3o<\/p>\n<p>Leia mais not\u00edcias em\u00a0<a href=\"http:\/\/www.caririemacao.com\/\">caririemacao.com<\/a>, siga nossa p\u00e1gina no\u00a0<a href=\"https:\/\/www.facebook.com\/CaririEmAcao\/?ref=aymt_homepage_panel\">Facebook<\/a>,\u00a0<a href=\"https:\/\/www.instagram.com\/cariri_em_acao\/?hl=pt-br\">Instagram<\/a>\u00a0e\u00a0<a href=\"https:\/\/www.youtube.com\/channel\/UCAptA0jQuYQy8vMhLt2m4qg\">Youtube<\/a>\u00a0e veja nossas mat\u00e9rias, v\u00eddeos e fotos. Voc\u00ea tamb\u00e9m pode enviar informa\u00e7\u00f5es \u00e0 Reda\u00e7\u00e3o do Portal Cariri em A\u00e7\u00e3o pelo WhatsApp (83) 9 9634.5791, (83) 9 9601-1162.<\/p>\n","protected":false},"excerpt":{"rendered":"<p>A Secretaria Municipal de Educa\u00e7\u00e3o de Amparo em parceria com as Escolas Juvenal Ferreira de Brito e Ildefonso Anselmo da Silva realizaram um belo evento&hellip; <\/p>\n","protected":false},"author":2,"featured_media":44146,"comment_status":"closed","ping_status":"closed","sticky":false,"template":"","format":"standard","meta":{"sfsi_plus_gutenberg_text_before_share":"","sfsi_plus_gutenberg_show_text_before_share":"","sfsi_plus_gutenberg_icon_type":"","sfsi_plus_gutenberg_icon_alignemt":"","sfsi_plus_gutenburg_max_per_row":"","footnotes":""},"categories":[14],"tags":[],"class_list":["post-64397","post","type-post","status-publish","format-standard","has-post-thumbnail","hentry","category-educacao"],"_links":{"self":[{"href":"https:\/\/www.caririemacao.com\/1\/wp-json\/wp\/v2\/posts\/64397","targetHints":{"allow":["GET"]}}],"collection":[{"href":"https:\/\/www.caririemacao.com\/1\/wp-json\/wp\/v2\/posts"}],"about":[{"href":"https:\/\/www.caririemacao.com\/1\/wp-json\/wp\/v2\/types\/post"}],"author":[{"embeddable":true,"href":"https:\/\/www.caririemacao.com\/1\/wp-json\/wp\/v2\/users\/2"}],"replies":[{"embeddable":true,"href":"https:\/\/www.caririemacao.com\/1\/wp-json\/wp\/v2\/comments?post=64397"}],"version-history":[{"count":2,"href":"https:\/\/www.caririemacao.com\/1\/wp-json\/wp\/v2\/posts\/64397\/revisions"}],"predecessor-version":[{"id":64399,"href":"https:\/\/www.caririemacao.com\/1\/wp-json\/wp\/v2\/posts\/64397\/revisions\/64399"}],"wp:featuredmedia":[{"embeddable":true,"href":"https:\/\/www.caririemacao.com\/1\/wp-json\/wp\/v2\/media\/44146"}],"wp:attachment":[{"href":"https:\/\/www.caririemacao.com\/1\/wp-json\/wp\/v2\/media?parent=64397"}],"wp:term":[{"taxonomy":"category","embeddable":true,"href":"https:\/\/www.caririemacao.com\/1\/wp-json\/wp\/v2\/categories?post=64397"},{"taxonomy":"post_tag","embeddable":true,"href":"https:\/\/www.caririemacao.com\/1\/wp-json\/wp\/v2\/tags?post=64397"}],"curies":[{"name":"wp","href":"https:\/\/api.w.org\/{rel}","templated":true}]}}