{"id":64404,"date":"2018-09-07T20:15:17","date_gmt":"2018-09-07T23:15:17","guid":{"rendered":"http:\/\/www.caririemacao.com\/1\/?p=64404"},"modified":"2018-09-07T20:15:17","modified_gmt":"2018-09-07T23:15:17","slug":"quase-78-dos-adolescentes-na-pb-ainda-nao-tomaram-a-vacina-contra-hpv","status":"publish","type":"post","link":"https:\/\/www.caririemacao.com\/1\/2018\/09\/07\/quase-78-dos-adolescentes-na-pb-ainda-nao-tomaram-a-vacina-contra-hpv\/","title":{"rendered":"Quase 78% dos adolescentes na PB ainda n\u00e3o tomaram a vacina contra HPV"},"content":{"rendered":"<p>Quase 78% dos adolescentes na Para\u00edba ainda n\u00e3o tomaram a vacina contra o HPV. \u00c9 o que mostra o levantamento do ClickPB junto \u00e0 Secretaria de Estado da Sa\u00fade. No estado, a meta \u00e9 vacinar 80% dos 350.880 adolescentes. Mas, at\u00e9 agora, somente foram vacinados 62.322 deles, ou seja, 77,8%.<\/p>\n<p>O p\u00fablico-alvo s\u00e3o meninas dos 9 aos 14 anos e meninos dos 11 aos 14 anos. Em setembro, h\u00e1 intensifica\u00e7\u00e3o com campanhas de acordo com o Calend\u00e1rio Nacional de Vacina\u00e7\u00e3o. O HPV \u00e9 um v\u00edrus que pode causar v\u00e1rios c\u00e2nceres, entre eles, o de colo de \u00fatero.<\/p>\n<p>A recomenda\u00e7\u00e3o para os jovens \u00e9 de que procurem os postos de sa\u00fade de suas cidades, com o cart\u00e3o de vacina. N\u00e3o \u00e9 necess\u00e1rio acompanhamento dos pais.<\/p>\n<p>A assessoria da Secretaria de Estado da Sa\u00fade disse ao ClickPB que n\u00e3o tem informa\u00e7\u00f5es dos poss\u00edveis casos confirmados de HPV, pois n\u00e3o h\u00e1 notifica\u00e7\u00e3o obrigat\u00f3ria deles.<\/p>\n<p><strong>Vacina dispon\u00edvel sempre<\/strong><\/p>\n<p>\u201c\u00c9 bom deixar claro que n\u00e3o se trata de campanha de vacina\u00e7\u00e3o e sim publicit\u00e1ria. A vacina est\u00e1 dispon\u00edvel, durante todo o ano, nas unidades de sa\u00fade. O objetivo da intensifica\u00e7\u00e3o \u00e9 abranger o maior n\u00famero de adolescentes num intervalo curto de tempo, melhorando a cobertura vacinal\u201d, informou a chefe do N\u00facleo de Imuniza\u00e7\u00e3o, da Secretaria de Estado da Sa\u00fade, Isiane Queiroga.<\/p>\n<p><strong>Meninos tamb\u00e9m precisam<\/strong><\/p>\n<p>A vacina contra o HPV foi introduzida no Calend\u00e1rio Nacional de Vacina\u00e7\u00e3o, de forma gradual, tendo, em 2014, como alvo as meninas de 11 a 13 anos de idade. Em 2015, foram inclu\u00eddas as meninas de 9 a 11 anos de idade; em 2016, a vacina estava dispon\u00edvel, para as meninas de 9 a 13 anos de idade e em 2017, para meninas de 9 a 14 anos. Em 2017, foram inseridos os meninos de 11 a 14 anos. A inclus\u00e3o dos meninos contribuiu para o aumento da prote\u00e7\u00e3o em meninas.<\/p>\n<p>Na popula\u00e7\u00e3o feminina, a vacina tem o objetivo de prevenir os c\u00e2nceres do colo do \u00fatero, vulva, vagina e regi\u00e3o anal, refletindo na redu\u00e7\u00e3o da incid\u00eancia e da mortalidade por esta enfermidade, al\u00e9m da redu\u00e7\u00e3o da incid\u00eancia das verrugas genitais. Na popula\u00e7\u00e3o masculina, prevenir os c\u00e2nceres de p\u00eanis, \u00e2nus e garganta e contra as verrugas genitais. Al\u00e9m disso, por serem os respons\u00e1veis pela transmiss\u00e3o do v\u00edrus para suas parceiras, ao receber a vacina est\u00e3o colaborando com a redu\u00e7\u00e3o da incid\u00eancia do c\u00e2ncer de colo de \u00fatero e vulva nas mulheres.<\/p>\n<p><strong>ClinkPB\u00a0<\/strong><\/p>\n<p>Cariri Em A\u00e7\u00e3o<\/p>\n<p>Leia mais not\u00edcias em\u00a0<a href=\"http:\/\/www.caririemacao.com\/\">caririemacao.com<\/a>, siga nossa p\u00e1gina no\u00a0<a href=\"https:\/\/www.facebook.com\/CaririEmAcao\/?ref=aymt_homepage_panel\">Facebook<\/a>,\u00a0<a href=\"https:\/\/www.instagram.com\/cariri_em_acao\/?hl=pt-br\">Instagram<\/a>\u00a0e\u00a0<a href=\"https:\/\/www.youtube.com\/channel\/UCAptA0jQuYQy8vMhLt2m4qg\">Youtube<\/a>\u00a0e veja nossas mat\u00e9rias, v\u00eddeos e fotos. Voc\u00ea tamb\u00e9m pode enviar informa\u00e7\u00f5es \u00e0 Reda\u00e7\u00e3o do Portal Cariri em A\u00e7\u00e3o pelo WhatsApp (83) 9 9634.5791, (83) 9 9601-1162.<\/p>\n","protected":false},"excerpt":{"rendered":"<p>Quase 78% dos adolescentes na Para\u00edba ainda n\u00e3o tomaram a vacina contra o HPV. \u00c9 o que mostra o levantamento do ClickPB junto \u00e0 Secretaria&hellip; <\/p>\n","protected":false},"author":1,"featured_media":17331,"comment_status":"closed","ping_status":"closed","sticky":false,"template":"","format":"standard","meta":{"sfsi_plus_gutenberg_text_before_share":"","sfsi_plus_gutenberg_show_text_before_share":"","sfsi_plus_gutenberg_icon_type":"","sfsi_plus_gutenberg_icon_alignemt":"","sfsi_plus_gutenburg_max_per_row":"","footnotes":""},"categories":[16],"tags":[],"class_list":["post-64404","post","type-post","status-publish","format-standard","has-post-thumbnail","hentry","category-saude"],"_links":{"self":[{"href":"https:\/\/www.caririemacao.com\/1\/wp-json\/wp\/v2\/posts\/64404","targetHints":{"allow":["GET"]}}],"collection":[{"href":"https:\/\/www.caririemacao.com\/1\/wp-json\/wp\/v2\/posts"}],"about":[{"href":"https:\/\/www.caririemacao.com\/1\/wp-json\/wp\/v2\/types\/post"}],"author":[{"embeddable":true,"href":"https:\/\/www.caririemacao.com\/1\/wp-json\/wp\/v2\/users\/1"}],"replies":[{"embeddable":true,"href":"https:\/\/www.caririemacao.com\/1\/wp-json\/wp\/v2\/comments?post=64404"}],"version-history":[{"count":1,"href":"https:\/\/www.caririemacao.com\/1\/wp-json\/wp\/v2\/posts\/64404\/revisions"}],"predecessor-version":[{"id":64405,"href":"https:\/\/www.caririemacao.com\/1\/wp-json\/wp\/v2\/posts\/64404\/revisions\/64405"}],"wp:featuredmedia":[{"embeddable":true,"href":"https:\/\/www.caririemacao.com\/1\/wp-json\/wp\/v2\/media\/17331"}],"wp:attachment":[{"href":"https:\/\/www.caririemacao.com\/1\/wp-json\/wp\/v2\/media?parent=64404"}],"wp:term":[{"taxonomy":"category","embeddable":true,"href":"https:\/\/www.caririemacao.com\/1\/wp-json\/wp\/v2\/categories?post=64404"},{"taxonomy":"post_tag","embeddable":true,"href":"https:\/\/www.caririemacao.com\/1\/wp-json\/wp\/v2\/tags?post=64404"}],"curies":[{"name":"wp","href":"https:\/\/api.w.org\/{rel}","templated":true}]}}