{"id":64424,"date":"2018-09-08T08:05:07","date_gmt":"2018-09-08T11:05:07","guid":{"rendered":"http:\/\/www.caririemacao.com\/1\/?p=64424"},"modified":"2018-09-08T08:05:07","modified_gmt":"2018-09-08T11:05:07","slug":"candidatos-ao-governo-do-estado-cumprem-agenda-no-interior-e-na-capital-neste-sabado-confira","status":"publish","type":"post","link":"https:\/\/www.caririemacao.com\/1\/2018\/09\/08\/candidatos-ao-governo-do-estado-cumprem-agenda-no-interior-e-na-capital-neste-sabado-confira\/","title":{"rendered":"Candidatos ao Governo do Estado cumprem agenda no interior e na Capital neste s\u00e1bado; confira"},"content":{"rendered":"<p>Os candidatos ao Governo do Estado cumprem mais um dia de agenda de campanha eleitoral neste s\u00e1bado (7). Visitas a cidades do interior e compromissos em Jo\u00e3o Pessoa, marcam a agenda dos candidatos.\u00a0<strong>Confira a programa\u00e7\u00e3o:<\/strong><\/p>\n<p><strong>Jo\u00e3o Azev\u00eado (PSB)<\/strong><\/p>\n<p>09h \u2013 Caminhada do Trabalho pelo Bairro do S\u00e3o Jos\u00e9 \u2013 Jo\u00e3o Pessoa<\/p>\n<p>15h \u2013 Ato P\u00fablico na cidade de Coremas<\/p>\n<p>17h \u2013 Encontro com lideran\u00e7as pol\u00edticas na cidade de Cajazeirinhas<\/p>\n<p>18h \u2013 Com\u00edcio na cidade de Pombal<\/p>\n<p>20h \u2013 Com\u00edcio na cidade de S\u00e3o Bento<\/p>\n<p><strong>Jos\u00e9 Maranh\u00e3o (PMDB)<\/strong><\/p>\n<p>Manh\u00e3<\/p>\n<p>9h \u2013 Toma caf\u00e9 com lideran\u00e7as em Itatuba<\/p>\n<p>12h \u2013 Almo\u00e7a em Riach\u00e3o do Bacamarte<\/p>\n<p>Tarde<\/p>\n<p>15h \u2013 Participa da prociss\u00e3o da padroeira de Arara<\/p>\n<p>Noite<\/p>\n<p>Reuni\u00e3o com lideran\u00e7as de Campina Grande<\/p>\n<p><strong>Luc\u00e9lio Cartaxo (PV)<\/strong><\/p>\n<p>08h30 \u2013 Visita a feira e o com\u00e9rcio local de Alagoa Grande<\/p>\n<p>12h30 \u2013 Almo\u00e7a com lideren\u00e7as em Mulungu<\/p>\n<p>15h \u2013 Encontra popula\u00e7\u00e3o de Gurinh\u00e9m<\/p>\n<p>16h \u2013 Encontra popula\u00e7\u00e3o de Caj\u00e1<\/p>\n<p>17h \u2013 Encontra popula\u00e7\u00e3o de Mari<\/p>\n<p>18h30 \u2013 Caminhada da Esperan\u00e7a em Sap\u00e9<\/p>\n<p><strong>Rama Dantas (PSTU)<\/strong><\/p>\n<p>10h \u2013 Reuni\u00e3o\u00a0com a dire\u00e7\u00e3o do partido na sede<\/p>\n<p><strong>T\u00e1rcio Teixeira (PSOL)<\/strong><\/p>\n<p>Manh\u00e3 \u2013 Reuni\u00e3o de coordena\u00e7\u00e3o<\/p>\n<p>Tarde \u2013 Visita aos comerciantes no Bairro dos Banc\u00e1rios<\/p>\n<p>Noite \u2013 Panfletagem na Orla de Cabo Branco e Tamba\u00fa<\/p>\n<p><strong>Blog do Gordinho\u00a0<\/strong><\/p>\n<p>Cariri Em A\u00e7\u00e3o<\/p>\n<p>Leia mais not\u00edcias em\u00a0<a href=\"http:\/\/www.caririemacao.com\/\">caririemacao.com<\/a>, siga nossa p\u00e1gina no\u00a0<a href=\"https:\/\/www.facebook.com\/CaririEmAcao\/?ref=aymt_homepage_panel\">Facebook<\/a>,\u00a0<a href=\"https:\/\/www.instagram.com\/cariri_em_acao\/?hl=pt-br\">Instagram<\/a>\u00a0e\u00a0<a href=\"https:\/\/www.youtube.com\/channel\/UCAptA0jQuYQy8vMhLt2m4qg\">Youtube<\/a>\u00a0e veja nossas mat\u00e9rias, v\u00eddeos e fotos. Voc\u00ea tamb\u00e9m pode enviar informa\u00e7\u00f5es \u00e0 Reda\u00e7\u00e3o do Portal Cariri em A\u00e7\u00e3o pelo WhatsApp (83) 9 9634.5791, (83) 9 9601-1162.<\/p>\n","protected":false},"excerpt":{"rendered":"<p>Os candidatos ao Governo do Estado cumprem mais um dia de agenda de campanha eleitoral neste s\u00e1bado (7). Visitas a cidades do interior e compromissos&hellip; <\/p>\n","protected":false},"author":1,"featured_media":64426,"comment_status":"closed","ping_status":"closed","sticky":false,"template":"","format":"standard","meta":{"sfsi_plus_gutenberg_text_before_share":"","sfsi_plus_gutenberg_show_text_before_share":"","sfsi_plus_gutenberg_icon_type":"","sfsi_plus_gutenberg_icon_alignemt":"","sfsi_plus_gutenburg_max_per_row":"","footnotes":""},"categories":[1],"tags":[],"class_list":["post-64424","post","type-post","status-publish","format-standard","has-post-thumbnail","hentry","category-o-site"],"_links":{"self":[{"href":"https:\/\/www.caririemacao.com\/1\/wp-json\/wp\/v2\/posts\/64424","targetHints":{"allow":["GET"]}}],"collection":[{"href":"https:\/\/www.caririemacao.com\/1\/wp-json\/wp\/v2\/posts"}],"about":[{"href":"https:\/\/www.caririemacao.com\/1\/wp-json\/wp\/v2\/types\/post"}],"author":[{"embeddable":true,"href":"https:\/\/www.caririemacao.com\/1\/wp-json\/wp\/v2\/users\/1"}],"replies":[{"embeddable":true,"href":"https:\/\/www.caririemacao.com\/1\/wp-json\/wp\/v2\/comments?post=64424"}],"version-history":[{"count":1,"href":"https:\/\/www.caririemacao.com\/1\/wp-json\/wp\/v2\/posts\/64424\/revisions"}],"predecessor-version":[{"id":64427,"href":"https:\/\/www.caririemacao.com\/1\/wp-json\/wp\/v2\/posts\/64424\/revisions\/64427"}],"wp:featuredmedia":[{"embeddable":true,"href":"https:\/\/www.caririemacao.com\/1\/wp-json\/wp\/v2\/media\/64426"}],"wp:attachment":[{"href":"https:\/\/www.caririemacao.com\/1\/wp-json\/wp\/v2\/media?parent=64424"}],"wp:term":[{"taxonomy":"category","embeddable":true,"href":"https:\/\/www.caririemacao.com\/1\/wp-json\/wp\/v2\/categories?post=64424"},{"taxonomy":"post_tag","embeddable":true,"href":"https:\/\/www.caririemacao.com\/1\/wp-json\/wp\/v2\/tags?post=64424"}],"curies":[{"name":"wp","href":"https:\/\/api.w.org\/{rel}","templated":true}]}}