{"id":64428,"date":"2018-09-08T08:34:19","date_gmt":"2018-09-08T11:34:19","guid":{"rendered":"http:\/\/www.caririemacao.com\/1\/?p=64428"},"modified":"2018-09-08T08:41:04","modified_gmt":"2018-09-08T11:41:04","slug":"confira-a-previsao-do-tempo-para-este-sabado-em-toda-paraiba-5","status":"publish","type":"post","link":"https:\/\/www.caririemacao.com\/1\/2018\/09\/08\/confira-a-previsao-do-tempo-para-este-sabado-em-toda-paraiba-5\/","title":{"rendered":"Confira a previs\u00e3o do tempo para este s\u00e1bado em toda Para\u00edba"},"content":{"rendered":"<p>No s\u00e1bado, a nebulosidade dever\u00e1 continuar vari\u00e1vel sobre o estado da Para\u00edba com o sol predominando entre algumas nuvens. Apenas em \u00e1reas da faixa leste do Estado, poder\u00e3o ser registradas chuvas fracas e passageiras.<\/p>\n<p><img decoding=\"async\" class=\"alignnone size-medium wp-image-498386 lazyloaded\" src=\"https:\/\/paraibaonline.com.br\/wp-content\/uploads\/2018\/09\/tempo0809-567x354.jpg\" sizes=\"(max-width: 567px) 100vw, 567px\" srcset=\"https:\/\/paraibaonline.com.br\/wp-content\/uploads\/2018\/09\/tempo0809-567x354.jpg 567w, https:\/\/paraibaonline.com.br\/wp-content\/uploads\/2018\/09\/tempo0809.jpg 800w\" alt=\"\" data-lazy-src=\"https:\/\/paraibaonline.com.br\/wp-content\/uploads\/2018\/09\/tempo0809-567x354.jpg\" data-lazy-srcset=\"https:\/\/paraibaonline.com.br\/wp-content\/uploads\/2018\/09\/tempo0809-567x354.jpg 567w, https:\/\/paraibaonline.com.br\/wp-content\/uploads\/2018\/09\/tempo0809.jpg 800w\" data-lazy-sizes=\"(max-width: 567px) 100vw, 567px\" data-was-processed=\"true\" \/><\/p>\n<p><strong>Aesa<\/strong><\/p>\n<p>Cariri Em A\u00e7\u00e3o<\/p>\n<p>Leia mais not\u00edcias em\u00a0<a href=\"http:\/\/www.caririemacao.com\/\">caririemacao.com<\/a>, siga nossa p\u00e1gina no\u00a0<a href=\"https:\/\/www.facebook.com\/CaririEmAcao\/?ref=aymt_homepage_panel\">Facebook<\/a>,\u00a0<a href=\"https:\/\/www.instagram.com\/cariri_em_acao\/?hl=pt-br\">Instagram<\/a>\u00a0e\u00a0<a href=\"https:\/\/www.youtube.com\/channel\/UCAptA0jQuYQy8vMhLt2m4qg\">Youtube<\/a>\u00a0e veja nossas mat\u00e9rias, v\u00eddeos e fotos. Voc\u00ea tamb\u00e9m pode enviar informa\u00e7\u00f5es \u00e0 Reda\u00e7\u00e3o do Portal Cariri em A\u00e7\u00e3o pelo WhatsApp (83) 9 9634.5791, (83) 9 9601-1162.<\/p>\n","protected":false},"excerpt":{"rendered":"<p>No s\u00e1bado, a nebulosidade dever\u00e1 continuar vari\u00e1vel sobre o estado da Para\u00edba com o sol predominando entre algumas nuvens. Apenas em \u00e1reas da faixa leste&hellip; <\/p>\n","protected":false},"author":1,"featured_media":61808,"comment_status":"closed","ping_status":"closed","sticky":false,"template":"","format":"standard","meta":{"sfsi_plus_gutenberg_text_before_share":"","sfsi_plus_gutenberg_show_text_before_share":"","sfsi_plus_gutenberg_icon_type":"","sfsi_plus_gutenberg_icon_alignemt":"","sfsi_plus_gutenburg_max_per_row":"","footnotes":""},"categories":[6],"tags":[],"class_list":["post-64428","post","type-post","status-publish","format-standard","has-post-thumbnail","hentry","category-cidades"],"_links":{"self":[{"href":"https:\/\/www.caririemacao.com\/1\/wp-json\/wp\/v2\/posts\/64428","targetHints":{"allow":["GET"]}}],"collection":[{"href":"https:\/\/www.caririemacao.com\/1\/wp-json\/wp\/v2\/posts"}],"about":[{"href":"https:\/\/www.caririemacao.com\/1\/wp-json\/wp\/v2\/types\/post"}],"author":[{"embeddable":true,"href":"https:\/\/www.caririemacao.com\/1\/wp-json\/wp\/v2\/users\/1"}],"replies":[{"embeddable":true,"href":"https:\/\/www.caririemacao.com\/1\/wp-json\/wp\/v2\/comments?post=64428"}],"version-history":[{"count":2,"href":"https:\/\/www.caririemacao.com\/1\/wp-json\/wp\/v2\/posts\/64428\/revisions"}],"predecessor-version":[{"id":64436,"href":"https:\/\/www.caririemacao.com\/1\/wp-json\/wp\/v2\/posts\/64428\/revisions\/64436"}],"wp:featuredmedia":[{"embeddable":true,"href":"https:\/\/www.caririemacao.com\/1\/wp-json\/wp\/v2\/media\/61808"}],"wp:attachment":[{"href":"https:\/\/www.caririemacao.com\/1\/wp-json\/wp\/v2\/media?parent=64428"}],"wp:term":[{"taxonomy":"category","embeddable":true,"href":"https:\/\/www.caririemacao.com\/1\/wp-json\/wp\/v2\/categories?post=64428"},{"taxonomy":"post_tag","embeddable":true,"href":"https:\/\/www.caririemacao.com\/1\/wp-json\/wp\/v2\/tags?post=64428"}],"curies":[{"name":"wp","href":"https:\/\/api.w.org\/{rel}","templated":true}]}}