{"id":64430,"date":"2018-09-08T08:39:16","date_gmt":"2018-09-08T11:39:16","guid":{"rendered":"http:\/\/www.caririemacao.com\/1\/?p=64430"},"modified":"2018-09-08T08:39:16","modified_gmt":"2018-09-08T11:39:16","slug":"qual-creme-dental-escolher","status":"publish","type":"post","link":"https:\/\/www.caririemacao.com\/1\/2018\/09\/08\/qual-creme-dental-escolher\/","title":{"rendered":"Qual creme dental escolher?"},"content":{"rendered":"<p>Assim como a escolha da escova de dentes gera d\u00favidas na hora da compra, n\u00e3o \u00e9 diferente com os cremes dentais dada a grande variedade dispon\u00edvel nas prateleiras dos supermercados e farm\u00e1cias. Encontramos cremes dentais para controle de t\u00e1rtaro, h\u00e1lito fresco, clareamento, dentes sens\u00edveis e com sabores e texturas diferentes e a\u00ed o que deveria ser uma tarefa f\u00e1cil, torna-se confusa, deixando o consumidor perdido diante de tantas op\u00e7\u00f5es.<\/p>\n<p>Como alguns cremes dentais t\u00eam indica\u00e7\u00f5es espec\u00edficas, segue algumas dicas que o ajudar\u00e3o a escolher o ideal para cada necessidade:<\/p>\n<p>\u2013 Cremes dentais fluoretados: Sabe-se que h\u00e1 uma lista de componentes na f\u00f3rmula dos cremes dentais, e um deles \u00e9 muito importante e deve ser priorizado na hora da compra, trata-se do fl\u00faor. Segundo a ADA (Associa\u00e7\u00e3o Dental Americana), o uso de cremes dentais com fl\u00faor duas vezes ao dia, reduz em 40% o aparecimento de c\u00e1ries. O fl\u00faor atua na preven\u00e7\u00e3o contra as c\u00e1ries porque fortalece o esmalte dos dentes como tamb\u00e9m trabalha nos processos de desmineraliza\u00e7\u00e3o e remineraliza\u00e7\u00e3o que ocorrem a todo instante na boca. Seu uso deve ser restringido apenas para beb\u00eas at\u00e9 3 anos para evitar degluti\u00e7\u00e3o, mas se houver supervis\u00e3o de um adulto durante a escova\u00e7\u00e3o, pode-se usar o creme fluoretado numa quantidade equivalente a um gr\u00e3o de arroz cru.<\/p>\n<p>\u2013 Cremes dentais para dentes sens\u00edveis: Muitas pessoas relatam desconforto ao saborear alimentos frios ou quentes, pois estes provocam aquela desagrad\u00e1vel sensibilidade. Os cremes dentais para dentes sens\u00edveis possuem na sua composi\u00e7\u00e3o subst\u00e2ncias espec\u00edficas para esse fim que bloquear\u00e3o os micro canais conectados ao nervo do dente evitando que a varia\u00e7\u00e3o t\u00e9rmica dos alimentos ativem a dor. O uso desse tipo de creme dental deve estar associado a outras medidas que ser\u00e3o orientadas pelo dentista no combate \u00e0 hipersensibilidade dentin\u00e1ria.<\/p>\n<div id=\"attachment_498307\" class=\"wp-caption aligncenter\"><img decoding=\"async\" class=\"wp-image-498307 size-medium lazyloaded\" src=\"https:\/\/paraibaonline.com.br\/wp-content\/uploads\/2018\/09\/creme-dental-556x417.jpg\" sizes=\"(max-width: 556px) 100vw, 556px\" srcset=\"https:\/\/paraibaonline.com.br\/wp-content\/uploads\/2018\/09\/creme-dental-556x417.jpg 556w, https:\/\/paraibaonline.com.br\/wp-content\/uploads\/2018\/09\/creme-dental.jpg 800w\" alt=\"Foto: Mega Curioso\" data-lazy-src=\"https:\/\/paraibaonline.com.br\/wp-content\/uploads\/2018\/09\/creme-dental-556x417.jpg\" data-lazy-srcset=\"https:\/\/paraibaonline.com.br\/wp-content\/uploads\/2018\/09\/creme-dental-556x417.jpg 556w, https:\/\/paraibaonline.com.br\/wp-content\/uploads\/2018\/09\/creme-dental.jpg 800w\" data-lazy-sizes=\"(max-width: 556px) 100vw, 556px\" data-was-processed=\"true\" \/><\/p>\n<p class=\"wp-caption-text\">Foto: Mega Curioso<\/p>\n<\/div>\n<p>\u2013 Cremes dentais para prote\u00e7\u00e3o gengival: S\u00e3o aqueles que atuam no controle e combate \u00e0 placa bacteriana (ou biofilme) que se acumula ao longo da linha da gengiva e que \u00e9 povoada por in\u00fameras bact\u00e9rias que causam a gengivite ou inflama\u00e7\u00e3o da gengiva. A presen\u00e7a de gengivite \u00e9 identificada pelo sangramento durante a escova\u00e7\u00e3o. Se n\u00e3o tratada pode evoluir para uma periodontite onde a placa bacteriana calcificou e se transformou em t\u00e1rtaro, que s\u00f3 ser\u00e1 removido pelo dentista.<\/p>\n<p>\u2013 Cremes dentais branqueadores: Ter um sorriso mais branco \u00e9 desejo de muitos, por isso surge a d\u00favida: cremes dentais clareadores surtem mesmo efeito? A verdade \u00e9 que eles ajudam a remover a manchas extr\u00ednsecas \u00a0melhorando a apar\u00eancia dos dentes, mas n\u00e3o alcan\u00e7am o efeito de um tratamento clareador em consult\u00f3rio. O ideal \u00e9 que ele seja usado ap\u00f3s o clareamento dent\u00e1rio como manuten\u00e7\u00e3o desse tratamento para um efeito mais duradouro. Eles tamb\u00e9m atuar\u00e3o na preven\u00e7\u00e3o de c\u00e1ries e gengivites.<\/p>\n<p>\u2013 \u00c9 melhor creme ou gel: Al\u00e9m dos sabores serem variados, tamb\u00e9m podem se apresentar em forma de creme ou gel. Essa forma de apresenta\u00e7\u00e3o n\u00e3o faz diferen\u00e7a na efic\u00e1cia, sua escolha \u00e9 determinada pela prefer\u00eancia individual e pelo desejo de experimentar um dentifr\u00edcio com textura diferente do habitual. Deve-se salientar apenas o contexto da quantidade que, ao contr\u00e1rio do que muita gente faz, n\u00e3o precisa preencher toda a escova, mas apenas uma quantidade equivalente a um gr\u00e3o de ervilha e colocada na extremidade da escova.<\/p>\n<p>Se ap\u00f3s essas dicas ainda existirem d\u00favidas quanto \u00e0 escolha do creme dental, o dentista deve ser consultado, pois este avaliar\u00e1 o caso de forma individual.<\/p>\n<p><strong>Odont\u00f3loga<\/strong><\/p>\n<p>Cariri Em A\u00e7\u00e3o<\/p>\n<p>Leia mais not\u00edcias em\u00a0<a href=\"http:\/\/www.caririemacao.com\/\">caririemacao.com<\/a>, siga nossa p\u00e1gina no\u00a0<a href=\"https:\/\/www.facebook.com\/CaririEmAcao\/?ref=aymt_homepage_panel\">Facebook<\/a>,\u00a0<a href=\"https:\/\/www.instagram.com\/cariri_em_acao\/?hl=pt-br\">Instagram<\/a>\u00a0e\u00a0<a href=\"https:\/\/www.youtube.com\/channel\/UCAptA0jQuYQy8vMhLt2m4qg\">Youtube<\/a>\u00a0e veja nossas mat\u00e9rias, v\u00eddeos e fotos. Voc\u00ea tamb\u00e9m pode enviar informa\u00e7\u00f5es \u00e0 Reda\u00e7\u00e3o do Portal Cariri em A\u00e7\u00e3o pelo WhatsApp (83) 9 9634.5791, (83) 9 9601-1162.<\/p>\n","protected":false},"excerpt":{"rendered":"<p>Assim como a escolha da escova de dentes gera d\u00favidas na hora da compra, n\u00e3o \u00e9 diferente com os cremes dentais dada a grande variedade&hellip; <\/p>\n","protected":false},"author":1,"featured_media":64431,"comment_status":"closed","ping_status":"closed","sticky":false,"template":"","format":"standard","meta":{"sfsi_plus_gutenberg_text_before_share":"","sfsi_plus_gutenberg_show_text_before_share":"","sfsi_plus_gutenberg_icon_type":"","sfsi_plus_gutenberg_icon_alignemt":"","sfsi_plus_gutenburg_max_per_row":"","footnotes":""},"categories":[16],"tags":[],"class_list":["post-64430","post","type-post","status-publish","format-standard","has-post-thumbnail","hentry","category-saude"],"_links":{"self":[{"href":"https:\/\/www.caririemacao.com\/1\/wp-json\/wp\/v2\/posts\/64430","targetHints":{"allow":["GET"]}}],"collection":[{"href":"https:\/\/www.caririemacao.com\/1\/wp-json\/wp\/v2\/posts"}],"about":[{"href":"https:\/\/www.caririemacao.com\/1\/wp-json\/wp\/v2\/types\/post"}],"author":[{"embeddable":true,"href":"https:\/\/www.caririemacao.com\/1\/wp-json\/wp\/v2\/users\/1"}],"replies":[{"embeddable":true,"href":"https:\/\/www.caririemacao.com\/1\/wp-json\/wp\/v2\/comments?post=64430"}],"version-history":[{"count":1,"href":"https:\/\/www.caririemacao.com\/1\/wp-json\/wp\/v2\/posts\/64430\/revisions"}],"predecessor-version":[{"id":64432,"href":"https:\/\/www.caririemacao.com\/1\/wp-json\/wp\/v2\/posts\/64430\/revisions\/64432"}],"wp:featuredmedia":[{"embeddable":true,"href":"https:\/\/www.caririemacao.com\/1\/wp-json\/wp\/v2\/media\/64431"}],"wp:attachment":[{"href":"https:\/\/www.caririemacao.com\/1\/wp-json\/wp\/v2\/media?parent=64430"}],"wp:term":[{"taxonomy":"category","embeddable":true,"href":"https:\/\/www.caririemacao.com\/1\/wp-json\/wp\/v2\/categories?post=64430"},{"taxonomy":"post_tag","embeddable":true,"href":"https:\/\/www.caririemacao.com\/1\/wp-json\/wp\/v2\/tags?post=64430"}],"curies":[{"name":"wp","href":"https:\/\/api.w.org\/{rel}","templated":true}]}}