{"id":64437,"date":"2018-09-08T08:57:07","date_gmt":"2018-09-08T11:57:07","guid":{"rendered":"http:\/\/www.caririemacao.com\/1\/?p=64437"},"modified":"2018-09-08T08:57:07","modified_gmt":"2018-09-08T11:57:07","slug":"rotam-emociona-publico-durante-o-desfile-em-monteiro","status":"publish","type":"post","link":"https:\/\/www.caririemacao.com\/1\/2018\/09\/08\/rotam-emociona-publico-durante-o-desfile-em-monteiro\/","title":{"rendered":"ROTAM emociona p\u00fablico durante o desfile em Monteiro"},"content":{"rendered":"<p style=\"font-weight: 400;\">O desfile da Policia Militar sempre \u00e9 um dos momentos mais marcantes e aguardados da programa\u00e7\u00e3o c\u00edvica na cidade de Monteiro e este ano n\u00e3o foi diferente.<\/p>\n<p style=\"font-weight: 400;\">A representa\u00e7\u00e3o da ROTAM em especial deu um show e a Policia Militar mais uma vez encantou o p\u00fablico presente na avenida principal.<\/p>\n<p style=\"font-weight: 400;\">Atualmente o 11\u00ba Batalh\u00e3o da PM em Monteiro \u00e9 comandado pelo Major Nicolau de Alencar Terceiro.<\/p>\n<p style=\"font-weight: 400;\"><strong>F\u00c1BIO BRITO<\/strong><\/p>\n<p>Cariri Em A\u00e7\u00e3o<\/p>\n<p>Leia mais not\u00edcias em\u00a0<a href=\"http:\/\/www.caririemacao.com\/\">caririemacao.com<\/a>, siga nossa p\u00e1gina no\u00a0<a href=\"https:\/\/www.facebook.com\/CaririEmAcao\/?ref=aymt_homepage_panel\">Facebook<\/a>,\u00a0<a href=\"https:\/\/www.instagram.com\/cariri_em_acao\/?hl=pt-br\">Instagram<\/a>\u00a0e\u00a0<a href=\"https:\/\/www.youtube.com\/channel\/UCAptA0jQuYQy8vMhLt2m4qg\">Youtube<\/a>\u00a0e veja nossas mat\u00e9rias, v\u00eddeos e fotos. Voc\u00ea tamb\u00e9m pode enviar informa\u00e7\u00f5es \u00e0 Reda\u00e7\u00e3o do Portal Cariri em A\u00e7\u00e3o pelo WhatsApp (83) 9 9634.5791, (83) 9 9601-1162.<\/p>\n","protected":false},"excerpt":{"rendered":"<p>O desfile da Policia Militar sempre \u00e9 um dos momentos mais marcantes e aguardados da programa\u00e7\u00e3o c\u00edvica na cidade de Monteiro e este ano n\u00e3o&hellip; <\/p>\n","protected":false},"author":1,"featured_media":18388,"comment_status":"closed","ping_status":"closed","sticky":false,"template":"","format":"standard","meta":{"sfsi_plus_gutenberg_text_before_share":"","sfsi_plus_gutenberg_show_text_before_share":"","sfsi_plus_gutenberg_icon_type":"","sfsi_plus_gutenberg_icon_alignemt":"","sfsi_plus_gutenburg_max_per_row":"","footnotes":""},"categories":[12],"tags":[],"class_list":["post-64437","post","type-post","status-publish","format-standard","has-post-thumbnail","hentry","category-policia"],"_links":{"self":[{"href":"https:\/\/www.caririemacao.com\/1\/wp-json\/wp\/v2\/posts\/64437","targetHints":{"allow":["GET"]}}],"collection":[{"href":"https:\/\/www.caririemacao.com\/1\/wp-json\/wp\/v2\/posts"}],"about":[{"href":"https:\/\/www.caririemacao.com\/1\/wp-json\/wp\/v2\/types\/post"}],"author":[{"embeddable":true,"href":"https:\/\/www.caririemacao.com\/1\/wp-json\/wp\/v2\/users\/1"}],"replies":[{"embeddable":true,"href":"https:\/\/www.caririemacao.com\/1\/wp-json\/wp\/v2\/comments?post=64437"}],"version-history":[{"count":1,"href":"https:\/\/www.caririemacao.com\/1\/wp-json\/wp\/v2\/posts\/64437\/revisions"}],"predecessor-version":[{"id":64438,"href":"https:\/\/www.caririemacao.com\/1\/wp-json\/wp\/v2\/posts\/64437\/revisions\/64438"}],"wp:featuredmedia":[{"embeddable":true,"href":"https:\/\/www.caririemacao.com\/1\/wp-json\/wp\/v2\/media\/18388"}],"wp:attachment":[{"href":"https:\/\/www.caririemacao.com\/1\/wp-json\/wp\/v2\/media?parent=64437"}],"wp:term":[{"taxonomy":"category","embeddable":true,"href":"https:\/\/www.caririemacao.com\/1\/wp-json\/wp\/v2\/categories?post=64437"},{"taxonomy":"post_tag","embeddable":true,"href":"https:\/\/www.caririemacao.com\/1\/wp-json\/wp\/v2\/tags?post=64437"}],"curies":[{"name":"wp","href":"https:\/\/api.w.org\/{rel}","templated":true}]}}