{"id":64443,"date":"2018-09-08T11:31:26","date_gmt":"2018-09-08T14:31:26","guid":{"rendered":"http:\/\/www.caririemacao.com\/1\/?p=64443"},"modified":"2018-09-08T11:31:26","modified_gmt":"2018-09-08T14:31:26","slug":"morre-o-caririzeiro-e-ex-vereador-de-campina-grande-aldino-gaudencio","status":"publish","type":"post","link":"https:\/\/www.caririemacao.com\/1\/2018\/09\/08\/morre-o-caririzeiro-e-ex-vereador-de-campina-grande-aldino-gaudencio\/","title":{"rendered":"Morre o caririzeiro e ex-vereador de Campina Grande, Aldino Gaud\u00eancio"},"content":{"rendered":"<p>Morreu neste s\u00e1bado (8), aos 90 anos, Aldino Lucas Gaud\u00eancio. Ele era ex-vereador de Campina Grande e nasceu em S\u00e3o Jo\u00e3o do Cariri no dia 2 de agosto de 1928. Aldino estava internado no Hospital Ant\u00f4nio Targino e morreu de insufici\u00eancia respirat\u00f3ria.<\/p>\n<p>Formou-se em Direito, atuou como defensor p\u00fablico e foi vereador por dois mandatos, na C\u00e2mara campinense.<\/p>\n<p>Ele era filho do ex-deputado \u00c1lvaro Gaud\u00eancio de Queiroz e de Quit\u00e9ria Lucas Gaud\u00eancio. Casou-se com Maria do Socorro Arruda do Amorim. Era pai de Carmem, Giovanna e Bruno Gaud\u00eancio, o qual tamb\u00e9m foi vereador de Campina Grande.<\/p>\n<p>O vel\u00f3rio acontece na Central de Vel\u00f3rios A Viagem, no Bairro S\u00e3o Jos\u00e9, em Campina Grande. O sepultamento ser\u00e1 no Cemit\u00e9rio Monte Santo, \u00e0s 17h.<\/p>\n<p><strong>Pol\u00eamica Para\u00edba<\/strong><\/p>\n<p>Cariri Em A\u00e7\u00e3o<\/p>\n<p>Leia mais not\u00edcias em\u00a0<a href=\"http:\/\/www.caririemacao.com\/\">caririemacao.com<\/a>, siga nossa p\u00e1gina no\u00a0<a href=\"https:\/\/www.facebook.com\/CaririEmAcao\/?ref=aymt_homepage_panel\">Facebook<\/a>,\u00a0<a href=\"https:\/\/www.instagram.com\/cariri_em_acao\/?hl=pt-br\">Instagram<\/a>\u00a0e\u00a0<a href=\"https:\/\/www.youtube.com\/channel\/UCAptA0jQuYQy8vMhLt2m4qg\">Youtube<\/a>\u00a0e veja nossas mat\u00e9rias, v\u00eddeos e fotos. Voc\u00ea tamb\u00e9m pode enviar informa\u00e7\u00f5es \u00e0 Reda\u00e7\u00e3o do Portal Cariri em A\u00e7\u00e3o pelo WhatsApp (83) 9 9634.5791, (83) 9 9601-1162.<\/p>\n","protected":false},"excerpt":{"rendered":"<p>Morreu neste s\u00e1bado (8), aos 90 anos, Aldino Lucas Gaud\u00eancio. Ele era ex-vereador de Campina Grande e nasceu em S\u00e3o Jo\u00e3o do Cariri no dia&hellip; <\/p>\n","protected":false},"author":1,"featured_media":64444,"comment_status":"closed","ping_status":"closed","sticky":false,"template":"","format":"standard","meta":{"sfsi_plus_gutenberg_text_before_share":"","sfsi_plus_gutenberg_show_text_before_share":"","sfsi_plus_gutenberg_icon_type":"","sfsi_plus_gutenberg_icon_alignemt":"","sfsi_plus_gutenburg_max_per_row":"","footnotes":""},"categories":[11],"tags":[],"class_list":["post-64443","post","type-post","status-publish","format-standard","has-post-thumbnail","hentry","category-politica"],"_links":{"self":[{"href":"https:\/\/www.caririemacao.com\/1\/wp-json\/wp\/v2\/posts\/64443","targetHints":{"allow":["GET"]}}],"collection":[{"href":"https:\/\/www.caririemacao.com\/1\/wp-json\/wp\/v2\/posts"}],"about":[{"href":"https:\/\/www.caririemacao.com\/1\/wp-json\/wp\/v2\/types\/post"}],"author":[{"embeddable":true,"href":"https:\/\/www.caririemacao.com\/1\/wp-json\/wp\/v2\/users\/1"}],"replies":[{"embeddable":true,"href":"https:\/\/www.caririemacao.com\/1\/wp-json\/wp\/v2\/comments?post=64443"}],"version-history":[{"count":1,"href":"https:\/\/www.caririemacao.com\/1\/wp-json\/wp\/v2\/posts\/64443\/revisions"}],"predecessor-version":[{"id":64445,"href":"https:\/\/www.caririemacao.com\/1\/wp-json\/wp\/v2\/posts\/64443\/revisions\/64445"}],"wp:featuredmedia":[{"embeddable":true,"href":"https:\/\/www.caririemacao.com\/1\/wp-json\/wp\/v2\/media\/64444"}],"wp:attachment":[{"href":"https:\/\/www.caririemacao.com\/1\/wp-json\/wp\/v2\/media?parent=64443"}],"wp:term":[{"taxonomy":"category","embeddable":true,"href":"https:\/\/www.caririemacao.com\/1\/wp-json\/wp\/v2\/categories?post=64443"},{"taxonomy":"post_tag","embeddable":true,"href":"https:\/\/www.caririemacao.com\/1\/wp-json\/wp\/v2\/tags?post=64443"}],"curies":[{"name":"wp","href":"https:\/\/api.w.org\/{rel}","templated":true}]}}