{"id":64450,"date":"2018-09-08T13:59:10","date_gmt":"2018-09-08T16:59:10","guid":{"rendered":"http:\/\/www.caririemacao.com\/1\/?p=64450"},"modified":"2018-09-08T13:59:10","modified_gmt":"2018-09-08T16:59:10","slug":"vereador-e-morto-a-tiros-em-camalau","status":"publish","type":"post","link":"https:\/\/www.caririemacao.com\/1\/2018\/09\/08\/vereador-e-morto-a-tiros-em-camalau\/","title":{"rendered":"Vereador \u00e9 morto a tiros em Camala\u00fa"},"content":{"rendered":"<p>Um assassinato que aconteceu, no in\u00edcio da tarde deste s\u00e1bado (08), no munic\u00edpio de Camala\u00fa, deixou os moradores da cidade localizada no Cariri Paraibano amedrontados.<\/p>\n<p><img decoding=\"async\" class=\"aligncenter wp-image-64452 size-full lazyload\" data-src=\"http:\/\/www.caririemacao.com\/1\/wp-content\/uploads\/2018\/09\/WhatsApp-Image-2018-09-08-at-12.46.26.jpeg\" alt=\"\" width=\"120\" height=\"165\" src=\"data:image\/svg+xml;base64,PHN2ZyB3aWR0aD0iMSIgaGVpZ2h0PSIxIiB4bWxucz0iaHR0cDovL3d3dy53My5vcmcvMjAwMC9zdmciPjwvc3ZnPg==\" style=\"--smush-placeholder-width: 120px; --smush-placeholder-aspect-ratio: 120\/165;\" \/><\/p>\n<p>Segundo informa\u00e7\u00f5es, o vereador do munic\u00edpio Adelmo Teobaldo de Farias, (PRP), foi morto a tiros, por dois homens em uma motocicleta, pr\u00f3ximo a coabe 09.<\/p>\n<p>Mais informa\u00e7\u00f5es a qualquer momento.<\/p>\n<p>OPIPOCO<\/p>\n","protected":false},"excerpt":{"rendered":"<p>Um assassinato que aconteceu, no in\u00edcio da tarde deste s\u00e1bado (08), no munic\u00edpio de Camala\u00fa, deixou os moradores da cidade localizada no Cariri Paraibano amedrontados.&hellip; <\/p>\n","protected":false},"author":2,"featured_media":64451,"comment_status":"closed","ping_status":"closed","sticky":false,"template":"","format":"standard","meta":{"sfsi_plus_gutenberg_text_before_share":"","sfsi_plus_gutenberg_show_text_before_share":"","sfsi_plus_gutenberg_icon_type":"","sfsi_plus_gutenberg_icon_alignemt":"","sfsi_plus_gutenburg_max_per_row":"","footnotes":""},"categories":[12],"tags":[],"class_list":["post-64450","post","type-post","status-publish","format-standard","has-post-thumbnail","hentry","category-policia"],"_links":{"self":[{"href":"https:\/\/www.caririemacao.com\/1\/wp-json\/wp\/v2\/posts\/64450","targetHints":{"allow":["GET"]}}],"collection":[{"href":"https:\/\/www.caririemacao.com\/1\/wp-json\/wp\/v2\/posts"}],"about":[{"href":"https:\/\/www.caririemacao.com\/1\/wp-json\/wp\/v2\/types\/post"}],"author":[{"embeddable":true,"href":"https:\/\/www.caririemacao.com\/1\/wp-json\/wp\/v2\/users\/2"}],"replies":[{"embeddable":true,"href":"https:\/\/www.caririemacao.com\/1\/wp-json\/wp\/v2\/comments?post=64450"}],"version-history":[{"count":1,"href":"https:\/\/www.caririemacao.com\/1\/wp-json\/wp\/v2\/posts\/64450\/revisions"}],"predecessor-version":[{"id":64453,"href":"https:\/\/www.caririemacao.com\/1\/wp-json\/wp\/v2\/posts\/64450\/revisions\/64453"}],"wp:featuredmedia":[{"embeddable":true,"href":"https:\/\/www.caririemacao.com\/1\/wp-json\/wp\/v2\/media\/64451"}],"wp:attachment":[{"href":"https:\/\/www.caririemacao.com\/1\/wp-json\/wp\/v2\/media?parent=64450"}],"wp:term":[{"taxonomy":"category","embeddable":true,"href":"https:\/\/www.caririemacao.com\/1\/wp-json\/wp\/v2\/categories?post=64450"},{"taxonomy":"post_tag","embeddable":true,"href":"https:\/\/www.caririemacao.com\/1\/wp-json\/wp\/v2\/tags?post=64450"}],"curies":[{"name":"wp","href":"https:\/\/api.w.org\/{rel}","templated":true}]}}