{"id":64454,"date":"2018-09-08T14:28:39","date_gmt":"2018-09-08T17:28:39","guid":{"rendered":"http:\/\/www.caririemacao.com\/1\/?p=64454"},"modified":"2018-09-08T14:28:39","modified_gmt":"2018-09-08T17:28:39","slug":"estabelecimentos-comerciais-terao-que-expor-precos-de-produtos-em-braile-na-paraiba","status":"publish","type":"post","link":"https:\/\/www.caririemacao.com\/1\/2018\/09\/08\/estabelecimentos-comerciais-terao-que-expor-precos-de-produtos-em-braile-na-paraiba\/","title":{"rendered":"Estabelecimentos comerciais ter\u00e3o que expor pre\u00e7os de produtos em braile na Para\u00edba"},"content":{"rendered":"<p>O governador Ricardo Coutinho sancionou a Lei 11.196, publicada no Di\u00e1rio Oficial do Estado, em que padarias, supermercados, estabelecimentos comerciais e similares na Para\u00edba est\u00e3o obrigados a fixar em braile as informa\u00e7\u00f5es contidas nas g\u00f4ndolas, para atendimento aos portadores de defici\u00eancia visual.<\/p>\n<p>De acordo com o texto da Lei, as etiquetas dever\u00e3o estar expostas no mesmo local, de f\u00e1cil acesso, para o portador de defici\u00eancia visual ou de seu acompanhante, contendo o nome dos produtos, a quantidade e seus respectivos pre\u00e7os.<\/p>\n<p>A Lei, de autoria do deputado Z\u00e9 Paulo de Santa Rita, entrou em vigor na data de sua publica\u00e7\u00e3o, nessa sexta-feira (07).<\/p>\n<p><strong>ClinkPB<\/strong><\/p>\n<p>Cariri Em A\u00e7\u00e3o<\/p>\n<p>Leia mais not\u00edcias em\u00a0<a href=\"http:\/\/www.caririemacao.com\/\">caririemacao.com<\/a>, siga nossa p\u00e1gina no\u00a0<a href=\"https:\/\/www.facebook.com\/CaririEmAcao\/?ref=aymt_homepage_panel\">Facebook<\/a>,\u00a0<a href=\"https:\/\/www.instagram.com\/cariri_em_acao\/?hl=pt-br\">Instagram<\/a>\u00a0e\u00a0<a href=\"https:\/\/www.youtube.com\/channel\/UCAptA0jQuYQy8vMhLt2m4qg\">Youtube<\/a>\u00a0e veja nossas mat\u00e9rias, v\u00eddeos e fotos. Voc\u00ea tamb\u00e9m pode enviar informa\u00e7\u00f5es \u00e0 Reda\u00e7\u00e3o do Portal Cariri em A\u00e7\u00e3o pelo WhatsApp (83) 9 9634.5791, (83) 9 9601-1162.<\/p>\n","protected":false},"excerpt":{"rendered":"<p>O governador Ricardo Coutinho sancionou a Lei 11.196, publicada no Di\u00e1rio Oficial do Estado, em que padarias, supermercados, estabelecimentos comerciais e similares na Para\u00edba est\u00e3o&hellip; <\/p>\n","protected":false},"author":1,"featured_media":64455,"comment_status":"closed","ping_status":"closed","sticky":false,"template":"","format":"standard","meta":{"sfsi_plus_gutenberg_text_before_share":"","sfsi_plus_gutenberg_show_text_before_share":"","sfsi_plus_gutenberg_icon_type":"","sfsi_plus_gutenberg_icon_alignemt":"","sfsi_plus_gutenburg_max_per_row":"","footnotes":""},"categories":[2],"tags":[],"class_list":["post-64454","post","type-post","status-publish","format-standard","has-post-thumbnail","hentry","category-geral"],"_links":{"self":[{"href":"https:\/\/www.caririemacao.com\/1\/wp-json\/wp\/v2\/posts\/64454","targetHints":{"allow":["GET"]}}],"collection":[{"href":"https:\/\/www.caririemacao.com\/1\/wp-json\/wp\/v2\/posts"}],"about":[{"href":"https:\/\/www.caririemacao.com\/1\/wp-json\/wp\/v2\/types\/post"}],"author":[{"embeddable":true,"href":"https:\/\/www.caririemacao.com\/1\/wp-json\/wp\/v2\/users\/1"}],"replies":[{"embeddable":true,"href":"https:\/\/www.caririemacao.com\/1\/wp-json\/wp\/v2\/comments?post=64454"}],"version-history":[{"count":1,"href":"https:\/\/www.caririemacao.com\/1\/wp-json\/wp\/v2\/posts\/64454\/revisions"}],"predecessor-version":[{"id":64456,"href":"https:\/\/www.caririemacao.com\/1\/wp-json\/wp\/v2\/posts\/64454\/revisions\/64456"}],"wp:featuredmedia":[{"embeddable":true,"href":"https:\/\/www.caririemacao.com\/1\/wp-json\/wp\/v2\/media\/64455"}],"wp:attachment":[{"href":"https:\/\/www.caririemacao.com\/1\/wp-json\/wp\/v2\/media?parent=64454"}],"wp:term":[{"taxonomy":"category","embeddable":true,"href":"https:\/\/www.caririemacao.com\/1\/wp-json\/wp\/v2\/categories?post=64454"},{"taxonomy":"post_tag","embeddable":true,"href":"https:\/\/www.caririemacao.com\/1\/wp-json\/wp\/v2\/tags?post=64454"}],"curies":[{"name":"wp","href":"https:\/\/api.w.org\/{rel}","templated":true}]}}