{"id":64459,"date":"2018-09-08T14:50:47","date_gmt":"2018-09-08T17:50:47","guid":{"rendered":"http:\/\/www.caririemacao.com\/1\/?p=64459"},"modified":"2018-09-08T14:50:47","modified_gmt":"2018-09-08T17:50:47","slug":"bolsonaro-podera-sair-da-maca-pela-primeira-vez-diz-hospital","status":"publish","type":"post","link":"https:\/\/www.caririemacao.com\/1\/2018\/09\/08\/bolsonaro-podera-sair-da-maca-pela-primeira-vez-diz-hospital\/","title":{"rendered":"Bolsonaro poder\u00e1 sair da maca pela primeira vez, diz hospital"},"content":{"rendered":"<p>O\u00a0candidato \u00e0 Presid\u00eancia da Rep\u00fablica Jair Bolsonaro mant\u00e9m-se consciente, em boas condi\u00e7\u00f5es cl\u00ednicas e hoje ser\u00e1 movimentado do leito para a poltrona (poder\u00e1 se sentar pela primeira vez), de acordo com boletim m\u00e9dico divulgado nesta manh\u00e3 pelo Hospital Albert Einstein, no bairro Morumbi, no qual ele est\u00e1 internado na Unidade de Terapia Intensiva (UTI) desde ontem. Bolsonaro foi esfaqueado na tarde de quinta-feira (6) durante uma atividade de campanha, em Juiz de Fora (MG).<\/p>\n<p>Segundo boletim, n\u00e3o houve intercorr\u00eancia nas \u00faltimas 24 horas e os exames de imagem e laboratoriais realizados ontem durante avalia\u00e7\u00e3o m\u00e9dica mostraram resultados est\u00e1veis. \u201cEncontra-se em boas condi\u00e7\u00f5es cardiovascular e pulmonar, sem febre ou outros sinais de infec\u00e7\u00e3o. Mant\u00e9m jejum oral, recebendo nutrientes por via venosa\u201d, diz a nota.<\/p>\n<p>O hospital continuar\u00e1 o tratamento cl\u00ednico, considerado em boa evolu\u00e7\u00e3o. Segundo o Albert Einstein, n\u00e3o h\u00e1 necessidade de novos procedimentos.<\/p>\n<p>As visitas ao candidato permanecem restritas por ordem m\u00e9dica. Desde ontem, somente esposa e filhos podem entrar na Unidade de Terapia Intensiva (UTI) onde ele est\u00e1 internado. De acordo com o hospital, a UTI \u00e9 um local de acesso controlado e o descanso \u00e9 fundamental para Bolsonaro nesta fase de recupera\u00e7\u00e3o.<\/p>\n<div id=\"attachment_498537\" class=\"wp-caption aligncenter\"><img decoding=\"async\" class=\"wp-image-498537 size-medium lazyloaded\" src=\"https:\/\/paraibaonline.com.br\/wp-content\/uploads\/2018\/09\/BOLSONARO-567x403.jpg\" sizes=\"(max-width: 567px) 100vw, 567px\" srcset=\"https:\/\/paraibaonline.com.br\/wp-content\/uploads\/2018\/09\/BOLSONARO-567x403.jpg 567w, https:\/\/paraibaonline.com.br\/wp-content\/uploads\/2018\/09\/BOLSONARO.jpg 800w\" alt=\"Foto: Redes Sociais\/Fl\u00e1vio Bolsonaro\" data-lazy-src=\"https:\/\/paraibaonline.com.br\/wp-content\/uploads\/2018\/09\/BOLSONARO-567x403.jpg\" data-lazy-srcset=\"https:\/\/paraibaonline.com.br\/wp-content\/uploads\/2018\/09\/BOLSONARO-567x403.jpg 567w, https:\/\/paraibaonline.com.br\/wp-content\/uploads\/2018\/09\/BOLSONARO.jpg 800w\" data-lazy-sizes=\"(max-width: 567px) 100vw, 567px\" data-was-processed=\"true\" \/><\/p>\n<p class=\"wp-caption-text\">Foto: Redes Sociais\/Fl\u00e1vio Bolsonaro<\/p>\n<\/div>\n<p><strong>Redes sociais<\/strong><\/p>\n<p>Pelo Twitter, o deputado estadual Fl\u00e1vio Bolsonaro informou que o pai come\u00e7ou hoje a fazer fisioterapia. \u201cMeu pai segue evoluindo e come\u00e7ou agora a fisioterapia. Muito obrigado a todos pela for\u00e7a e pelas ora\u00e7\u00f5es!\u201d, escreveu.<\/p>\n<p>Ele tamb\u00e9m divulgou uma foto do pai ao lado da maca e j\u00e1 sentado em uma poltrona.<\/p>\n<p>Fl\u00e1vio Bolsonaro convocou simpatizantes a fazer um ato pela vida do pai, amanh\u00e3, em Copacabana, no Rio de Janeiro.<\/p>\n<p><strong>Interna\u00e7\u00e3o<\/strong><br \/>\nBolsonaro saiu da Santa Casa de Juiz de Fora (MG), onde estava internado, na manh\u00e3 de ontem, em um avi\u00e3o que pousou no aeroporto de Congonhas. De helic\u00f3ptero da Pol\u00edcia Militar, ele seguiu at\u00e9 o Pal\u00e1cio dos Bandeirantes, sede do governo paulista. De l\u00e1, o candidato foi colocado em uma ambul\u00e2ncia com destino ao Hospital Albert Einstein, no Morumbi. Bolsonaro foi transferido para S\u00e3o Paulo a pedido da fam\u00edlia.<\/p>\n<p>O candidato deu entrada no hospital da capital paulista por volta das 10h45, quando iniciou uma s\u00e9rie de exames que durou cerca de 3 horas, segundo a assessoria do hospital. Na ocasi\u00e3o, seu estado de sa\u00fade era considerado grave, mas est\u00e1vel.<\/p>\n<p>Ontem (7), pelo Twitter, o candidato se manifestou pela primeira vez dizendo que se recuperava bem.<\/p>\n<p><strong>Para\u00edba Online\u00a0\u00a0<\/strong><\/p>\n<p>Cariri Em A\u00e7\u00e3o<\/p>\n<p>Leia mais not\u00edcias em\u00a0<a href=\"http:\/\/www.caririemacao.com\/\">caririemacao.com<\/a>, siga nossa p\u00e1gina no\u00a0<a href=\"https:\/\/www.facebook.com\/CaririEmAcao\/?ref=aymt_homepage_panel\">Facebook<\/a>,\u00a0<a href=\"https:\/\/www.instagram.com\/cariri_em_acao\/?hl=pt-br\">Instagram<\/a>\u00a0e\u00a0<a href=\"https:\/\/www.youtube.com\/channel\/UCAptA0jQuYQy8vMhLt2m4qg\">Youtube<\/a>\u00a0e veja nossas mat\u00e9rias, v\u00eddeos e fotos. Voc\u00ea tamb\u00e9m pode enviar informa\u00e7\u00f5es \u00e0 Reda\u00e7\u00e3o do Portal Cariri em A\u00e7\u00e3o pelo WhatsApp (83) 9 9634.5791, (83) 9 9601-1162.<\/p>\n","protected":false},"excerpt":{"rendered":"<p>O\u00a0candidato \u00e0 Presid\u00eancia da Rep\u00fablica Jair Bolsonaro mant\u00e9m-se consciente, em boas condi\u00e7\u00f5es cl\u00ednicas e hoje ser\u00e1 movimentado do leito para a poltrona (poder\u00e1 se sentar&hellip; <\/p>\n","protected":false},"author":1,"featured_media":52520,"comment_status":"closed","ping_status":"closed","sticky":false,"template":"","format":"standard","meta":{"sfsi_plus_gutenberg_text_before_share":"","sfsi_plus_gutenberg_show_text_before_share":"","sfsi_plus_gutenberg_icon_type":"","sfsi_plus_gutenberg_icon_alignemt":"","sfsi_plus_gutenburg_max_per_row":"","footnotes":""},"categories":[16],"tags":[],"class_list":["post-64459","post","type-post","status-publish","format-standard","has-post-thumbnail","hentry","category-saude"],"_links":{"self":[{"href":"https:\/\/www.caririemacao.com\/1\/wp-json\/wp\/v2\/posts\/64459","targetHints":{"allow":["GET"]}}],"collection":[{"href":"https:\/\/www.caririemacao.com\/1\/wp-json\/wp\/v2\/posts"}],"about":[{"href":"https:\/\/www.caririemacao.com\/1\/wp-json\/wp\/v2\/types\/post"}],"author":[{"embeddable":true,"href":"https:\/\/www.caririemacao.com\/1\/wp-json\/wp\/v2\/users\/1"}],"replies":[{"embeddable":true,"href":"https:\/\/www.caririemacao.com\/1\/wp-json\/wp\/v2\/comments?post=64459"}],"version-history":[{"count":1,"href":"https:\/\/www.caririemacao.com\/1\/wp-json\/wp\/v2\/posts\/64459\/revisions"}],"predecessor-version":[{"id":64460,"href":"https:\/\/www.caririemacao.com\/1\/wp-json\/wp\/v2\/posts\/64459\/revisions\/64460"}],"wp:featuredmedia":[{"embeddable":true,"href":"https:\/\/www.caririemacao.com\/1\/wp-json\/wp\/v2\/media\/52520"}],"wp:attachment":[{"href":"https:\/\/www.caririemacao.com\/1\/wp-json\/wp\/v2\/media?parent=64459"}],"wp:term":[{"taxonomy":"category","embeddable":true,"href":"https:\/\/www.caririemacao.com\/1\/wp-json\/wp\/v2\/categories?post=64459"},{"taxonomy":"post_tag","embeddable":true,"href":"https:\/\/www.caririemacao.com\/1\/wp-json\/wp\/v2\/tags?post=64459"}],"curies":[{"name":"wp","href":"https:\/\/api.w.org\/{rel}","templated":true}]}}