{"id":64462,"date":"2018-09-08T17:08:27","date_gmt":"2018-09-08T20:08:27","guid":{"rendered":"http:\/\/www.caririemacao.com\/1\/?p=64462"},"modified":"2018-09-08T17:08:27","modified_gmt":"2018-09-08T20:08:27","slug":"defesa-de-lula-pede-que-segunda-turma-do-stf-julgue-com-urgencia-suspensao-da-inelegibilidade-do-ex-presidente","status":"publish","type":"post","link":"https:\/\/www.caririemacao.com\/1\/2018\/09\/08\/defesa-de-lula-pede-que-segunda-turma-do-stf-julgue-com-urgencia-suspensao-da-inelegibilidade-do-ex-presidente\/","title":{"rendered":"Defesa de Lula pede que Segunda Turma do STF julgue com &#8216;urg\u00eancia&#8217; suspens\u00e3o da inelegibilidade do ex-presidente"},"content":{"rendered":"<div class=\"mc-column content-text active-extra-styles active-capital-letter\" data-block-type=\"unstyled\" data-block-weight=\"48\" data-block-id=\"2\">\n<p class=\"content-text__container theme-color-primary-first-letter\" data-track-category=\"Link no Texto\" data-track-links=\"\">mais uma tentativa de manter o ex-presidente\u00a0<a href=\"http:\/\/g1.globo.com\/politica\/politico\/lula.html\">Luiz In\u00e1cio Lula da Silva<\/a>candidato \u00e0 Presid\u00eancia, a defesa dele pediu que a Segunda Turma do Supremo Tribunal Federal (STF) julgue &#8220;com urg\u00eancia&#8221; a suspens\u00e3o da inelegibilidade do petista. O recurso foi protocolado na Suprema Corte nesta sexta-feira (7).<\/p>\n<\/div>\n<div class=\"wall\">\n<div class=\"mc-column content-text active-extra-styles \" data-block-type=\"unstyled\" data-block-weight=\"44\" data-block-id=\"3\">\n<p class=\"content-text__container \" data-track-category=\"Link no Texto\" data-track-links=\"\">Os advogados de Lula recorreram da decis\u00e3o do ministro Luiz Edson Fachin que,\u00a0na madrugada da \u00faltima quinta (6), negou pedido da defesa para suspender os efeitos da\u00a0condena\u00e7\u00e3o determinada pelo Tribunal Regional Federal da 4\u00aa Regi\u00e3o (TRF-4)\u00a0no caso do triplex do Guaruj\u00e1.<\/p>\n<p data-track-category=\"Link no Texto\" data-track-links=\"\"><strong>Para\u00edba Online\u00a0<\/strong><\/p>\n<p>Cariri Em A\u00e7\u00e3o<\/p>\n<p>Leia mais not\u00edcias em\u00a0<a href=\"http:\/\/www.caririemacao.com\/\">caririemacao.com<\/a>, siga nossa p\u00e1gina no\u00a0<a href=\"https:\/\/www.facebook.com\/CaririEmAcao\/?ref=aymt_homepage_panel\">Facebook<\/a>,\u00a0<a href=\"https:\/\/www.instagram.com\/cariri_em_acao\/?hl=pt-br\">Instagram<\/a>\u00a0e\u00a0<a href=\"https:\/\/www.youtube.com\/channel\/UCAptA0jQuYQy8vMhLt2m4qg\">Youtube<\/a>\u00a0e veja nossas mat\u00e9rias, v\u00eddeos e fotos. Voc\u00ea tamb\u00e9m pode enviar informa\u00e7\u00f5es \u00e0 Reda\u00e7\u00e3o do Portal Cariri em A\u00e7\u00e3o pelo WhatsApp (83) 9 9634.5791, (83) 9 9601-1162.<\/p>\n<\/div>\n<\/div>\n","protected":false},"excerpt":{"rendered":"<p>mais uma tentativa de manter o ex-presidente\u00a0Luiz In\u00e1cio Lula da Silvacandidato \u00e0 Presid\u00eancia, a defesa dele pediu que a Segunda Turma do Supremo Tribunal Federal&hellip; <\/p>\n","protected":false},"author":1,"featured_media":59766,"comment_status":"closed","ping_status":"closed","sticky":false,"template":"","format":"standard","meta":{"sfsi_plus_gutenberg_text_before_share":"","sfsi_plus_gutenberg_show_text_before_share":"","sfsi_plus_gutenberg_icon_type":"","sfsi_plus_gutenberg_icon_alignemt":"","sfsi_plus_gutenburg_max_per_row":"","footnotes":""},"categories":[1],"tags":[],"class_list":["post-64462","post","type-post","status-publish","format-standard","has-post-thumbnail","hentry","category-o-site"],"_links":{"self":[{"href":"https:\/\/www.caririemacao.com\/1\/wp-json\/wp\/v2\/posts\/64462","targetHints":{"allow":["GET"]}}],"collection":[{"href":"https:\/\/www.caririemacao.com\/1\/wp-json\/wp\/v2\/posts"}],"about":[{"href":"https:\/\/www.caririemacao.com\/1\/wp-json\/wp\/v2\/types\/post"}],"author":[{"embeddable":true,"href":"https:\/\/www.caririemacao.com\/1\/wp-json\/wp\/v2\/users\/1"}],"replies":[{"embeddable":true,"href":"https:\/\/www.caririemacao.com\/1\/wp-json\/wp\/v2\/comments?post=64462"}],"version-history":[{"count":1,"href":"https:\/\/www.caririemacao.com\/1\/wp-json\/wp\/v2\/posts\/64462\/revisions"}],"predecessor-version":[{"id":64463,"href":"https:\/\/www.caririemacao.com\/1\/wp-json\/wp\/v2\/posts\/64462\/revisions\/64463"}],"wp:featuredmedia":[{"embeddable":true,"href":"https:\/\/www.caririemacao.com\/1\/wp-json\/wp\/v2\/media\/59766"}],"wp:attachment":[{"href":"https:\/\/www.caririemacao.com\/1\/wp-json\/wp\/v2\/media?parent=64462"}],"wp:term":[{"taxonomy":"category","embeddable":true,"href":"https:\/\/www.caririemacao.com\/1\/wp-json\/wp\/v2\/categories?post=64462"},{"taxonomy":"post_tag","embeddable":true,"href":"https:\/\/www.caririemacao.com\/1\/wp-json\/wp\/v2\/tags?post=64462"}],"curies":[{"name":"wp","href":"https:\/\/api.w.org\/{rel}","templated":true}]}}