{"id":64465,"date":"2018-09-08T19:13:39","date_gmt":"2018-09-08T22:13:39","guid":{"rendered":"http:\/\/www.caririemacao.com\/1\/?p=64465"},"modified":"2018-09-08T19:19:07","modified_gmt":"2018-09-08T22:19:07","slug":"prefeito-de-camalau-decreta-luto-oficial-de-tres-dias","status":"publish","type":"post","link":"https:\/\/www.caririemacao.com\/1\/2018\/09\/08\/prefeito-de-camalau-decreta-luto-oficial-de-tres-dias\/","title":{"rendered":"Prefeito de Camala\u00fa decreta luto oficial de tr\u00eas dias"},"content":{"rendered":"<p>O prefeito de Camala\u00fa, Sandro M\u00f4co, decretou Luto Oficial por tr\u00eas dias em todo territ\u00f3rio camalauense, em fun\u00e7\u00e3o da morte do vereador, Adelmo Teobaldo de Farias, que foi brutalmente assassinado no in\u00edcio da tarde deste s\u00e1bado (08).<\/p>\n<p><img fetchpriority=\"high\" decoding=\"async\" class=\"aligncenter wp-image-64466 size-full\" src=\"http:\/\/www.caririemacao.com\/1\/wp-content\/uploads\/2018\/09\/adelmo-768x576.jpg\" alt=\"\" width=\"768\" height=\"576\" srcset=\"https:\/\/www.caririemacao.com\/1\/wp-content\/uploads\/2018\/09\/adelmo-768x576.jpg 768w, https:\/\/www.caririemacao.com\/1\/wp-content\/uploads\/2018\/09\/adelmo-768x576-300x225.jpg 300w\" sizes=\"(max-width: 768px) 100vw, 768px\" \/><br \/>\nEleito em 2016 com 243 votos, Adelmo estava vereador no munic\u00edpio de Camala\u00fa desde janeiro de 2017,\u00a0 pelo terceiro mandato e desempenhava a fun\u00e7\u00e3o\u00a0 de 2\u00ba Secret\u00e1rio da Mesa Diretora da C\u00e2mara Municipal de Camala\u00fa, o vereador tinha 60 anos.<\/p>\n<p style=\"text-align: right;\"><em><strong>Reda\u00e7\u00e3o Cariri em A\u00e7\u00e3o\u00a0<\/strong><\/em><\/p>\n","protected":false},"excerpt":{"rendered":"<p>O prefeito de Camala\u00fa, Sandro M\u00f4co, decretou Luto Oficial por tr\u00eas dias em todo territ\u00f3rio camalauense, em fun\u00e7\u00e3o da morte do vereador, Adelmo Teobaldo de&hellip; <\/p>\n","protected":false},"author":2,"featured_media":20975,"comment_status":"closed","ping_status":"closed","sticky":false,"template":"","format":"standard","meta":{"sfsi_plus_gutenberg_text_before_share":"","sfsi_plus_gutenberg_show_text_before_share":"","sfsi_plus_gutenberg_icon_type":"","sfsi_plus_gutenberg_icon_alignemt":"","sfsi_plus_gutenburg_max_per_row":"","footnotes":""},"categories":[6],"tags":[],"class_list":["post-64465","post","type-post","status-publish","format-standard","has-post-thumbnail","hentry","category-cidades"],"_links":{"self":[{"href":"https:\/\/www.caririemacao.com\/1\/wp-json\/wp\/v2\/posts\/64465","targetHints":{"allow":["GET"]}}],"collection":[{"href":"https:\/\/www.caririemacao.com\/1\/wp-json\/wp\/v2\/posts"}],"about":[{"href":"https:\/\/www.caririemacao.com\/1\/wp-json\/wp\/v2\/types\/post"}],"author":[{"embeddable":true,"href":"https:\/\/www.caririemacao.com\/1\/wp-json\/wp\/v2\/users\/2"}],"replies":[{"embeddable":true,"href":"https:\/\/www.caririemacao.com\/1\/wp-json\/wp\/v2\/comments?post=64465"}],"version-history":[{"count":3,"href":"https:\/\/www.caririemacao.com\/1\/wp-json\/wp\/v2\/posts\/64465\/revisions"}],"predecessor-version":[{"id":64469,"href":"https:\/\/www.caririemacao.com\/1\/wp-json\/wp\/v2\/posts\/64465\/revisions\/64469"}],"wp:featuredmedia":[{"embeddable":true,"href":"https:\/\/www.caririemacao.com\/1\/wp-json\/wp\/v2\/media\/20975"}],"wp:attachment":[{"href":"https:\/\/www.caririemacao.com\/1\/wp-json\/wp\/v2\/media?parent=64465"}],"wp:term":[{"taxonomy":"category","embeddable":true,"href":"https:\/\/www.caririemacao.com\/1\/wp-json\/wp\/v2\/categories?post=64465"},{"taxonomy":"post_tag","embeddable":true,"href":"https:\/\/www.caririemacao.com\/1\/wp-json\/wp\/v2\/tags?post=64465"}],"curies":[{"name":"wp","href":"https:\/\/api.w.org\/{rel}","templated":true}]}}