{"id":64475,"date":"2018-09-08T19:57:30","date_gmt":"2018-09-08T22:57:30","guid":{"rendered":"http:\/\/www.caririemacao.com\/1\/?p=64475"},"modified":"2018-09-08T19:57:30","modified_gmt":"2018-09-08T22:57:30","slug":"estudante-camalauense-recebe-medalha-por-desempenho-na-obmep","status":"publish","type":"post","link":"https:\/\/www.caririemacao.com\/1\/2018\/09\/08\/estudante-camalauense-recebe-medalha-por-desempenho-na-obmep\/","title":{"rendered":"Estudante camalauense recebe medalha por desempenho na OBMEP"},"content":{"rendered":"<p>O estudante camalauense Luiz Gustavo (Guga), recebeu no audit\u00f3rio da UFCG em Campina Grande uma medalha relativa ao seu desempenho na Olimp\u00edada Brasileira de Matem\u00e1tica das Escolas P\u00fablicas (OBMEP).<\/p>\n<p>&nbsp;<\/p>\n<div class=\"zEN58ccP amp-wp-inline-21998716d663c265faade591b419ac5a\"><\/div>\n<p><img decoding=\"async\" class=\"i-amphtml-fill-content i-amphtml-replaced-content lazyload\" data-src=\"http:\/\/www.camalaunoticias.com.br\/wp-content\/uploads\/2018\/09\/a0e0e3a8-a94c-4608-86a2-62718dab6e69-300x225.jpg\" data-sizes=\"(min-width: 300px) 300px, 100vw\" data-srcset=\"http:\/\/www.camalaunoticias.com.br\/wp-content\/uploads\/2018\/09\/a0e0e3a8-a94c-4608-86a2-62718dab6e69-300x225.jpg 300w, http:\/\/www.camalaunoticias.com.br\/wp-content\/uploads\/2018\/09\/a0e0e3a8-a94c-4608-86a2-62718dab6e69-768x576.jpg 768w, http:\/\/www.camalaunoticias.com.br\/wp-content\/uploads\/2018\/09\/a0e0e3a8-a94c-4608-86a2-62718dab6e69-1024x768.jpg 1024w, http:\/\/www.camalaunoticias.com.br\/wp-content\/uploads\/2018\/09\/a0e0e3a8-a94c-4608-86a2-62718dab6e69.jpg 1032w\" alt=\"\" src=\"data:image\/svg+xml;base64,PHN2ZyB3aWR0aD0iMSIgaGVpZ2h0PSIxIiB4bWxucz0iaHR0cDovL3d3dy53My5vcmcvMjAwMC9zdmciPjwvc3ZnPg==\" style=\"--smush-placeholder-width: 300px; --smush-placeholder-aspect-ratio: 300\/225;\" \/><\/p>\n<p>Luiz Gustavo estava acompanhado de seus pais Jos\u00e9 Erisvado (Valdinho) e de sua m\u00e3e Ilma Wagna, al\u00e9m da secretaria municipal de educa\u00e7\u00e3o de Camala\u00fa Sandra Farias.<\/p>\n<p><img decoding=\"async\" class=\"i-amphtml-fill-content i-amphtml-replaced-content lazyload\" data-src=\"http:\/\/www.camalaunoticias.com.br\/wp-content\/uploads\/2018\/09\/6e2963eb-a2c8-4e32-b10b-e705b7561b64-300x169.jpg\" data-sizes=\"(min-width: 300px) 300px, 100vw\" data-srcset=\"http:\/\/www.camalaunoticias.com.br\/wp-content\/uploads\/2018\/09\/6e2963eb-a2c8-4e32-b10b-e705b7561b64-300x169.jpg 300w, http:\/\/www.camalaunoticias.com.br\/wp-content\/uploads\/2018\/09\/6e2963eb-a2c8-4e32-b10b-e705b7561b64-768x432.jpg 768w, http:\/\/www.camalaunoticias.com.br\/wp-content\/uploads\/2018\/09\/6e2963eb-a2c8-4e32-b10b-e705b7561b64-1024x576.jpg 1024w, http:\/\/www.camalaunoticias.com.br\/wp-content\/uploads\/2018\/09\/6e2963eb-a2c8-4e32-b10b-e705b7561b64.jpg 1032w\" alt=\"\" src=\"data:image\/svg+xml;base64,PHN2ZyB3aWR0aD0iMSIgaGVpZ2h0PSIxIiB4bWxucz0iaHR0cDovL3d3dy53My5vcmcvMjAwMC9zdmciPjwvc3ZnPg==\" style=\"--smush-placeholder-width: 300px; --smush-placeholder-aspect-ratio: 300\/169;\" \/><\/p>\n<p>Guga teve esse importante desempenho quando ainda estava estudando no Centro Educacional Odete Maciel. Atualmente Guga estuda no IFPB Monteiro.<\/p>\n<p><strong>Camala\u00fa Not\u00edcias\u00a0<\/strong><\/p>\n<p>Cariri Em A\u00e7\u00e3o<\/p>\n<p>Leia mais not\u00edcias em\u00a0<a href=\"http:\/\/www.caririemacao.com\/\">caririemacao.com<\/a>, siga nossa p\u00e1gina no\u00a0<a href=\"https:\/\/www.facebook.com\/CaririEmAcao\/?ref=aymt_homepage_panel\">Facebook<\/a>,\u00a0<a href=\"https:\/\/www.instagram.com\/cariri_em_acao\/?hl=pt-br\">Instagram<\/a>\u00a0e\u00a0<a href=\"https:\/\/www.youtube.com\/channel\/UCAptA0jQuYQy8vMhLt2m4qg\">Youtube<\/a>\u00a0e veja nossas mat\u00e9rias, v\u00eddeos e fotos. Voc\u00ea tamb\u00e9m pode enviar informa\u00e7\u00f5es \u00e0 Reda\u00e7\u00e3o do Portal Cariri em A\u00e7\u00e3o pelo WhatsApp (83) 9 9634.5791, (83) 9 9601-1162.<\/p>\n","protected":false},"excerpt":{"rendered":"<p>O estudante camalauense Luiz Gustavo (Guga), recebeu no audit\u00f3rio da UFCG em Campina Grande uma medalha relativa ao seu desempenho na Olimp\u00edada Brasileira de Matem\u00e1tica&hellip; <\/p>\n","protected":false},"author":1,"featured_media":64476,"comment_status":"closed","ping_status":"closed","sticky":false,"template":"","format":"standard","meta":{"sfsi_plus_gutenberg_text_before_share":"","sfsi_plus_gutenberg_show_text_before_share":"","sfsi_plus_gutenberg_icon_type":"","sfsi_plus_gutenberg_icon_alignemt":"","sfsi_plus_gutenburg_max_per_row":"","footnotes":""},"categories":[14],"tags":[],"class_list":["post-64475","post","type-post","status-publish","format-standard","has-post-thumbnail","hentry","category-educacao"],"_links":{"self":[{"href":"https:\/\/www.caririemacao.com\/1\/wp-json\/wp\/v2\/posts\/64475","targetHints":{"allow":["GET"]}}],"collection":[{"href":"https:\/\/www.caririemacao.com\/1\/wp-json\/wp\/v2\/posts"}],"about":[{"href":"https:\/\/www.caririemacao.com\/1\/wp-json\/wp\/v2\/types\/post"}],"author":[{"embeddable":true,"href":"https:\/\/www.caririemacao.com\/1\/wp-json\/wp\/v2\/users\/1"}],"replies":[{"embeddable":true,"href":"https:\/\/www.caririemacao.com\/1\/wp-json\/wp\/v2\/comments?post=64475"}],"version-history":[{"count":1,"href":"https:\/\/www.caririemacao.com\/1\/wp-json\/wp\/v2\/posts\/64475\/revisions"}],"predecessor-version":[{"id":64477,"href":"https:\/\/www.caririemacao.com\/1\/wp-json\/wp\/v2\/posts\/64475\/revisions\/64477"}],"wp:featuredmedia":[{"embeddable":true,"href":"https:\/\/www.caririemacao.com\/1\/wp-json\/wp\/v2\/media\/64476"}],"wp:attachment":[{"href":"https:\/\/www.caririemacao.com\/1\/wp-json\/wp\/v2\/media?parent=64475"}],"wp:term":[{"taxonomy":"category","embeddable":true,"href":"https:\/\/www.caririemacao.com\/1\/wp-json\/wp\/v2\/categories?post=64475"},{"taxonomy":"post_tag","embeddable":true,"href":"https:\/\/www.caririemacao.com\/1\/wp-json\/wp\/v2\/tags?post=64475"}],"curies":[{"name":"wp","href":"https:\/\/api.w.org\/{rel}","templated":true}]}}