{"id":64478,"date":"2018-09-08T20:01:43","date_gmt":"2018-09-08T23:01:43","guid":{"rendered":"http:\/\/www.caririemacao.com\/1\/?p=64478"},"modified":"2018-09-08T20:01:43","modified_gmt":"2018-09-08T23:01:43","slug":"paraiba-deve-receber-r-4003-milhoes-com-emendas-de-bancada-em-2019","status":"publish","type":"post","link":"https:\/\/www.caririemacao.com\/1\/2018\/09\/08\/paraiba-deve-receber-r-4003-milhoes-com-emendas-de-bancada-em-2019\/","title":{"rendered":"Para\u00edba deve receber R$ 400,3 milh\u00f5es com emendas de bancada em 2019"},"content":{"rendered":"<p>A proposta de Lei Or\u00e7ament\u00e1ria Anual (LOA) para 2019 prev\u00ea um total de R$ 13,7 bilh\u00f5es para emendas parlamentares impositivas, sendo R$ 9,2 bilh\u00f5es v\u00e3o para emendas individuais (de deputados e senadores) e R$ 4,5 bilh\u00f5es para as de bancadas estaduais. Desse total, a Para\u00edba dever\u00e1 receber R$ 400,3 milh\u00f5es, apenas R$ 17,3 milh\u00f5es a mais do que foi estabelecido no or\u00e7amento deste ano.<\/p>\n<p>As emendas individuais contemplam demandas que chegam das bases eleitorais dos parlamentares e de grupos organizados que procuram interferir no projeto or\u00e7ament\u00e1rio. Cada um dos 12 deputados federais e tr\u00eas senadores da Para\u00edba poder\u00e3o apresentar at\u00e9 R$ 15,4 milh\u00f5es em emendas individuais. O montante corresponde ao total de R$ 231 milh\u00f5es que ser\u00e3o injetados no estado no pr\u00f3ximo ano. Metade dessas ir\u00e1 para a sa\u00fade, seguindo divis\u00e3o estabelecida na Constitui\u00e7\u00e3o.<\/p>\n<p>J\u00e1 o valor m\u00e1ximo para apresenta\u00e7\u00e3o de emendas impositivas pela bancada paraibana ser\u00e1 de R$ 169,6 milh\u00f5es. De acordo com a Lei de Diretrizes Or\u00e7ament\u00e1rias (LDO) de 2019, esse valor poder\u00e1 ser distribu\u00eddo em at\u00e9 seis emendas, sendo ao menos uma para a \u00e1rea de educa\u00e7\u00e3o, uma para sa\u00fade e uma para seguran\u00e7a p\u00fablica. Diferentemente das emendas individuais, as de bancada priorizam obras e servi\u00e7os de interesse dos estados. Elas s\u00e3o discutidas dentro de cada bancada e contam, geralmente, com o aval dos governadores.<\/p>\n<p>Teto de gastos<br \/>\nConforme informativo conjunto das consultorias de or\u00e7amento da C\u00e2mara dos Deputados e do Senado divulgado nesta quinta-feira (6), a proposta or\u00e7ament\u00e1ria para 2019, o Executivo compensou gastos excedentes do Judici\u00e1rio, do Legislativo, do Minist\u00e9rio P\u00fablico (MP) e da Defensoria P\u00fablica em R$ 3,36 bilh\u00f5es. O valor \u00e9 quase o total do previsto na Constitui\u00e7\u00e3o (0,25% do limite individualizado do Poder Executivo).<\/p>\n<p>Em 2018, a compensa\u00e7\u00e3o foi de R$ 2,1 bilh\u00f5es (65,2% do m\u00e1ximo). Esse crescimento, segundo as consultorias, vem principalmente por causa do impacto para 2019 das leis que deram aumento para carreiras do Judici\u00e1rio e do MP.<\/p>\n<p>A compensa\u00e7\u00e3o acontece porque, pelo teto de gastos, as despesas s\u00f3 podem aumentar de acordo com a infla\u00e7\u00e3o. Como as despesas dos outros poderes ficou al\u00e9m da corre\u00e7\u00e3o inflacion\u00e1ria (4,39%), a Constitui\u00e7\u00e3o prev\u00ea uma compensa\u00e7\u00e3o de at\u00e9 0,25% das despesas do Executivo.<\/p>\n<p>S\u00f3 para o Judici\u00e1rio, a compensa\u00e7\u00e3o foi de R$ 2,92 bilh\u00f5es ou 87% do total repassado pelo governo. A proposta or\u00e7ament\u00e1ria tamb\u00e9m prev\u00ea o aumento salarial dos ministros do Supremo Tribunal Federal (STF) de 16,38%. O percentual \u00e9 o teto do funcionalismo. Para o Legislativo, a compensa\u00e7\u00e3o \u00e9 de 7,6% ou R$ 258 milh\u00f5es.<\/p>\n<p><strong>Cariri Ligado\u00a0<\/strong><\/p>\n<p>Cariri Em A\u00e7\u00e3o<\/p>\n<p>Leia mais not\u00edcias em\u00a0<a href=\"http:\/\/www.caririemacao.com\/\">caririemacao.com<\/a>, siga nossa p\u00e1gina no\u00a0<a href=\"https:\/\/www.facebook.com\/CaririEmAcao\/?ref=aymt_homepage_panel\">Facebook<\/a>,\u00a0<a href=\"https:\/\/www.instagram.com\/cariri_em_acao\/?hl=pt-br\">Instagram<\/a>\u00a0e\u00a0<a href=\"https:\/\/www.youtube.com\/channel\/UCAptA0jQuYQy8vMhLt2m4qg\">Youtube<\/a>\u00a0e veja nossas mat\u00e9rias, v\u00eddeos e fotos. Voc\u00ea tamb\u00e9m pode enviar informa\u00e7\u00f5es \u00e0 Reda\u00e7\u00e3o do Portal Cariri em A\u00e7\u00e3o pelo WhatsApp (83) 9 9634.5791, (83) 9 9601-1162.<\/p>\n","protected":false},"excerpt":{"rendered":"<p>A proposta de Lei Or\u00e7ament\u00e1ria Anual (LOA) para 2019 prev\u00ea um total de R$ 13,7 bilh\u00f5es para emendas parlamentares impositivas, sendo R$ 9,2 bilh\u00f5es v\u00e3o&hellip; <\/p>\n","protected":false},"author":1,"featured_media":36454,"comment_status":"closed","ping_status":"closed","sticky":false,"template":"","format":"standard","meta":{"sfsi_plus_gutenberg_text_before_share":"","sfsi_plus_gutenberg_show_text_before_share":"","sfsi_plus_gutenberg_icon_type":"","sfsi_plus_gutenberg_icon_alignemt":"","sfsi_plus_gutenburg_max_per_row":"","footnotes":""},"categories":[11],"tags":[],"class_list":["post-64478","post","type-post","status-publish","format-standard","has-post-thumbnail","hentry","category-politica"],"_links":{"self":[{"href":"https:\/\/www.caririemacao.com\/1\/wp-json\/wp\/v2\/posts\/64478","targetHints":{"allow":["GET"]}}],"collection":[{"href":"https:\/\/www.caririemacao.com\/1\/wp-json\/wp\/v2\/posts"}],"about":[{"href":"https:\/\/www.caririemacao.com\/1\/wp-json\/wp\/v2\/types\/post"}],"author":[{"embeddable":true,"href":"https:\/\/www.caririemacao.com\/1\/wp-json\/wp\/v2\/users\/1"}],"replies":[{"embeddable":true,"href":"https:\/\/www.caririemacao.com\/1\/wp-json\/wp\/v2\/comments?post=64478"}],"version-history":[{"count":1,"href":"https:\/\/www.caririemacao.com\/1\/wp-json\/wp\/v2\/posts\/64478\/revisions"}],"predecessor-version":[{"id":64479,"href":"https:\/\/www.caririemacao.com\/1\/wp-json\/wp\/v2\/posts\/64478\/revisions\/64479"}],"wp:featuredmedia":[{"embeddable":true,"href":"https:\/\/www.caririemacao.com\/1\/wp-json\/wp\/v2\/media\/36454"}],"wp:attachment":[{"href":"https:\/\/www.caririemacao.com\/1\/wp-json\/wp\/v2\/media?parent=64478"}],"wp:term":[{"taxonomy":"category","embeddable":true,"href":"https:\/\/www.caririemacao.com\/1\/wp-json\/wp\/v2\/categories?post=64478"},{"taxonomy":"post_tag","embeddable":true,"href":"https:\/\/www.caririemacao.com\/1\/wp-json\/wp\/v2\/tags?post=64478"}],"curies":[{"name":"wp","href":"https:\/\/api.w.org\/{rel}","templated":true}]}}