{"id":64482,"date":"2018-09-08T20:09:15","date_gmt":"2018-09-08T23:09:15","guid":{"rendered":"http:\/\/www.caririemacao.com\/1\/?p=64482"},"modified":"2018-09-08T20:09:15","modified_gmt":"2018-09-08T23:09:15","slug":"cbf-confirma-amistosos-contra-argentina-e-arabia-saudita-em-outubro","status":"publish","type":"post","link":"https:\/\/www.caririemacao.com\/1\/2018\/09\/08\/cbf-confirma-amistosos-contra-argentina-e-arabia-saudita-em-outubro\/","title":{"rendered":"CBF confirma amistosos contra Argentina e Ar\u00e1bia Saudita em outubro"},"content":{"rendered":"<p>A Confedera\u00e7\u00e3o Brasileira de Futebol informou nesta quinta-feira (6), que a sele\u00e7\u00e3o brasileira enfrentar\u00e1 a Ar\u00e1bia Saudita e a Argentina nas pr\u00f3ximas datas Fifa, em outubro. As partidas acontecer\u00e3o \u00e0s 14h45 (hor\u00e1rio de Bras\u00edlia) nas cidades de Riade, em 12 de outubro, e de Jid\u00e1, no dia 16, ambas na Ar\u00e1bia Saudita.<\/p>\n<p>Nesses amistosos o t\u00e9cnico Tite n\u00e3o convocar\u00e1 jogadores dos times classificados para a decis\u00e3o da Copa do Brasil. As datas dos jogos ainda n\u00e3o foram definidas pela CBF, mas a final\u00edssima deve acontecer nesse per\u00edodo. A convoca\u00e7\u00e3o para esses amistosos ser\u00e1 no dia 21 de setembro, \u00e0s 11h, na sede da CBF, no Rio.<\/p>\n<p>Nesta quinta-feira, a sele\u00e7\u00e3o brasileira fez o \u00faltimo treino antes de seu primeiro duelo ap\u00f3s a Copa do Mundo da R\u00fassia. Na sexta-feira, a equipe enfrentou os Estados Unidos, em New Jersey, e venceu por 2\u00d70.<\/p>\n<p>Em coletiva realizada ap\u00f3s o trabalho, o t\u00e9cnico Tite apresentou Neymar como novo capit\u00e3o do time e afirmou que a partir de agora n\u00e3o haver\u00e1 mais rod\u00edzio nessa fun\u00e7\u00e3o pela equipe nacional. Quatro dias ap\u00f3s enfrentar os norte-americanos, a sele\u00e7\u00e3o voltar\u00e1 a campo para amistoso contra El Salvador, em Landover, tamb\u00e9m nos Estados Unidos.<\/p>\n<p><strong>Para\u00edba Mix\u00a0<\/strong><\/p>\n<p>Cariri Em A\u00e7\u00e3o<\/p>\n<p>Leia mais not\u00edcias em\u00a0<a href=\"http:\/\/www.caririemacao.com\/\">caririemacao.com<\/a>, siga nossa p\u00e1gina no\u00a0<a href=\"https:\/\/www.facebook.com\/CaririEmAcao\/?ref=aymt_homepage_panel\">Facebook<\/a>,\u00a0<a href=\"https:\/\/www.instagram.com\/cariri_em_acao\/?hl=pt-br\">Instagram<\/a>\u00a0e\u00a0<a href=\"https:\/\/www.youtube.com\/channel\/UCAptA0jQuYQy8vMhLt2m4qg\">Youtube<\/a>\u00a0e veja nossas mat\u00e9rias, v\u00eddeos e fotos. Voc\u00ea tamb\u00e9m pode enviar informa\u00e7\u00f5es \u00e0 Reda\u00e7\u00e3o do Portal Cariri em A\u00e7\u00e3o pelo WhatsApp (83) 9 9634.5791, (83) 9 9601-1162.<\/p>\n","protected":false},"excerpt":{"rendered":"<p>A Confedera\u00e7\u00e3o Brasileira de Futebol informou nesta quinta-feira (6), que a sele\u00e7\u00e3o brasileira enfrentar\u00e1 a Ar\u00e1bia Saudita e a Argentina nas pr\u00f3ximas datas Fifa, em&hellip; <\/p>\n","protected":false},"author":1,"featured_media":47341,"comment_status":"closed","ping_status":"closed","sticky":false,"template":"","format":"standard","meta":{"sfsi_plus_gutenberg_text_before_share":"","sfsi_plus_gutenberg_show_text_before_share":"","sfsi_plus_gutenberg_icon_type":"","sfsi_plus_gutenberg_icon_alignemt":"","sfsi_plus_gutenburg_max_per_row":"","footnotes":""},"categories":[13],"tags":[],"class_list":["post-64482","post","type-post","status-publish","format-standard","has-post-thumbnail","hentry","category-esportes"],"_links":{"self":[{"href":"https:\/\/www.caririemacao.com\/1\/wp-json\/wp\/v2\/posts\/64482","targetHints":{"allow":["GET"]}}],"collection":[{"href":"https:\/\/www.caririemacao.com\/1\/wp-json\/wp\/v2\/posts"}],"about":[{"href":"https:\/\/www.caririemacao.com\/1\/wp-json\/wp\/v2\/types\/post"}],"author":[{"embeddable":true,"href":"https:\/\/www.caririemacao.com\/1\/wp-json\/wp\/v2\/users\/1"}],"replies":[{"embeddable":true,"href":"https:\/\/www.caririemacao.com\/1\/wp-json\/wp\/v2\/comments?post=64482"}],"version-history":[{"count":1,"href":"https:\/\/www.caririemacao.com\/1\/wp-json\/wp\/v2\/posts\/64482\/revisions"}],"predecessor-version":[{"id":64483,"href":"https:\/\/www.caririemacao.com\/1\/wp-json\/wp\/v2\/posts\/64482\/revisions\/64483"}],"wp:featuredmedia":[{"embeddable":true,"href":"https:\/\/www.caririemacao.com\/1\/wp-json\/wp\/v2\/media\/47341"}],"wp:attachment":[{"href":"https:\/\/www.caririemacao.com\/1\/wp-json\/wp\/v2\/media?parent=64482"}],"wp:term":[{"taxonomy":"category","embeddable":true,"href":"https:\/\/www.caririemacao.com\/1\/wp-json\/wp\/v2\/categories?post=64482"},{"taxonomy":"post_tag","embeddable":true,"href":"https:\/\/www.caririemacao.com\/1\/wp-json\/wp\/v2\/tags?post=64482"}],"curies":[{"name":"wp","href":"https:\/\/api.w.org\/{rel}","templated":true}]}}